{"id":2332,"date":"2019-08-01T13:55:55","date_gmt":"2019-08-01T13:55:55","guid":{"rendered":"http:\/\/businesscenters.cat\/?p=2332"},"modified":"2025-01-13T10:59:59","modified_gmt":"2025-01-13T09:59:59","slug":"espai-de-coworking-al-centre-de-barcelona","status":"publish","type":"post","link":"https:\/\/businesscenters.cat\/ca\/blog\/espai-de-coworking-al-centre-de-barcelona\/","title":{"rendered":"Espai de coworking al centre de Barcelona"},"content":{"rendered":"<p><strong>\u00bfQu\u00e8 es un coworking? <\/strong>La paraula coworking \u00e9s un terme que ha guanyat visibilitat en els \u00faltims anys i que es refereix al lloguer d&#8217;un espai de treball de dimensions redu\u00efdes compartit amb altres professionals. El &#8220;co-treball&#8221; \u00e9s una modalitat d&#8217;espai de treball que busca abaratir el cost mitj\u00e0 de la reducci\u00f3 de l&#8217;espai i la compartici\u00f3 de les despeses entre tots els coworkers.<\/p>\n<p><em><strong>&#8211; LLEGIR TOTS ELS <a href=\"https:\/\/businesscenters.cat\/ca\/serveis\/serveis-addicionals\/\">SERVEIS DE BUSINESS CENTERS BARCELONA<\/a><\/strong><\/em><\/p>\n<p>Una persona que cerca un espai de coworking t\u00e9 la necessitat de comptar amb un <strong>espai privat per poder concentrar-se<\/strong> i desenvolupar en la seva tasca apropiadament, ja sigui treballar o estudiar, sempre buscant que sigui a baix cost.<\/p>\n<blockquote><p><strong>Els llocs de coworking freq\u00fcentment estan integrats en centres d&#8217;oficines i de negocis.<\/strong><\/p><\/blockquote>\n<p>Solen oferir <strong>diferents tipus d&#8217;espais en funci\u00f3 de les necessitats i pressupost<\/strong> dels clients. Per exemple, es pot llogar una pla\u00e7a en una sala que cada dia pot variar la seva ubicaci\u00f3, aquest sol ser el servei m\u00e9s barat. Una altra opci\u00f3 \u00e9s llogar una pla\u00e7a en un lloc fix, per comptar sempre amb la mateixa taula de treball. La seg\u00fcent opci\u00f3 en preu pot ser una zona fixa que a m\u00e9s inclogui calaixos i prestatgeries, amb m\u00e9s o menys privacitat. Com s&#8217;observa hi ha alternatives per a totes les butxaques.<\/p>\n<p>Un objectiu fonamental que persegueixen els coworkings \u00e9s el d&#8217;<strong>evitar les distraccions<\/strong> t\u00edpiques que podem trobar a casa (televisi\u00f3, nevera, tasques familiars i de la llar, etc.).<\/p>\n<p>Tamb\u00e9 faciliten <strong>con\u00e8ixer a altres professionals que comparteixen inquietuds laborals<\/strong>. En aquest ambient \u00e9s probable que es cre\u00efn sinergies professionals, que sovint deriven en benefici econ\u00f2mic per al negoci.<\/p>\n<p>Finalment i no menys important, ressaltar que a difer\u00e8ncia dels professionals que treballen des de casa, les empreses que estan ubicades en un centre de negocis com el nostre <strong>Business Center al centre de Barcelona (Passeig de Gr\u00e0cia i carrer C\u00f2rsega) ofereixen una imatge professional m\u00e9s seriosa .<\/strong><\/p>\n<p><strong> <img fetchpriority=\"high\" decoding=\"async\" class=\"aligncenter size-full wp-image-2250\" src=\"https:\/\/businesscenters.cat\/wp-content\/uploads\/2019\/08\/Untitled-design-1.jpg\" alt=\"coworking barato barcelona\" width=\"800\" height=\"500\" srcset=\"https:\/\/businesscenters.cat\/wp-content\/uploads\/2019\/08\/Untitled-design-1.jpg 800w, https:\/\/businesscenters.cat\/wp-content\/uploads\/2019\/08\/Untitled-design-1-300x188.jpg 300w, https:\/\/businesscenters.cat\/wp-content\/uploads\/2019\/08\/Untitled-design-1-768x480.jpg 768w\" sizes=\"(max-width: 800px) 100vw, 800px\" \/><\/strong><\/p>\n<h3><strong>AVANTATGES DE L&#8217;ESPAI DE COWORKING DE BUSINESS CENTERS BARCELONA<\/strong><\/h3>\n<p>Business Centers ofereix nombroses facilitats als seus clients que t&#8217;anem a explicar a continuaci\u00f3<strong>:<\/strong><\/p>\n<ul>\n<li>Oficina totalment equipada<\/li>\n<li>Neteja de les instal\u00b7lacions incl\u00f2sa en el preu<\/li>\n<li>Ampli horari per treballar amb flexibilitat<\/li>\n<li>Connexi\u00f3 a internet via WIFI d&#8217;alta velocitat<\/li>\n<li>Impressora BN \/ Color DINA4 (Escanejat gratu\u00eft, c\u00f2pies i impressions segons tarifa).<\/li>\n<li><strong>\u00das de sala de reunions.<\/strong><\/li>\n<li>\u00das zona esplai-office (amb microones, nevera i m\u00e0quines de vending: caf\u00e8, begudes, snacks &#8230;)<\/li>\n<li>Despeses de llum \/ aigua \/ neteja \/ calefacci\u00f3 \/ A.A.<\/li>\n<li>Assessorament empresarial.<\/li>\n<li>Participaci\u00f3 en activitats de comunitat i esdeveniments.<\/li>\n<li>Publicitat del projecte emprenedor dins de l&#8217;edifici<\/li>\n<li><strong>Domiciliaci\u00f3 de la teva empresa.<\/strong><\/li>\n<li><strong>Secretaria i servei de traducci\u00f3<\/strong><\/li>\n<li>Servei de c\u00e0tering<\/li>\n<li>Molts m\u00e9s, informa&#8217;t sense comprom\u00eds!<\/li>\n<\/ul>\n<p><img decoding=\"async\" class=\"aligncenter size-full wp-image-2287\" src=\"https:\/\/businesscenters.cat\/wp-content\/uploads\/2019\/08\/Untitled-design-1-1.jpg\" alt=\"oficina barcelona\" width=\"800\" height=\"500\" srcset=\"https:\/\/businesscenters.cat\/wp-content\/uploads\/2019\/08\/Untitled-design-1-1.jpg 800w, https:\/\/businesscenters.cat\/wp-content\/uploads\/2019\/08\/Untitled-design-1-1-300x188.jpg 300w, https:\/\/businesscenters.cat\/wp-content\/uploads\/2019\/08\/Untitled-design-1-1-768x480.jpg 768w\" sizes=\"(max-width: 800px) 100vw, 800px\" \/><\/p>\n<h3><strong>PER A QUI \u00c9S UN COWORKING?<\/strong><\/h3>\n<p>Encara que pugui semblar que l&#8217;inquil\u00ed habitual d&#8217;un coworking \u00e9s un freelancer, entrepreneur o startup, cada vegada m\u00e9s perfils professionals opten per aquesta variant tan flexible, vers\u00e0til i econ\u00f2mica. Aix\u00ed, en els nostres centres de negocis solem trobar els seg\u00fcents perfils:<\/p>\n<ul>\n<li><span style=\"text-decoration: underline;\">Aut\u00f2noms:<\/span> que busquen disminuir costos compartint oficina en un espai d&#8217;empreses<\/li>\n<li><span style=\"text-decoration: underline;\">Professionals<\/span> que estan portant el seu projecte emprenedor al seg\u00fcent nivell.<\/li>\n<li><span style=\"text-decoration: underline;\">Estudiant<\/span>s que compten amb un projecte professional que compaginen amb els seus estudis<\/li>\n<li><span style=\"text-decoration: underline;\">Qualsevol persona<\/span> que t\u00e9 una idea de negoci i comen\u00e7a a treballar-hi.<\/li>\n<\/ul>\n<p><strong> <img decoding=\"async\" class=\"aligncenter size-full wp-image-2256\" src=\"https:\/\/businesscenters.cat\/wp-content\/uploads\/2019\/08\/Untitled-design-3.jpg\" alt=\"cotrabajo barcelona\" width=\"800\" height=\"500\" srcset=\"https:\/\/businesscenters.cat\/wp-content\/uploads\/2019\/08\/Untitled-design-3.jpg 800w, https:\/\/businesscenters.cat\/wp-content\/uploads\/2019\/08\/Untitled-design-3-300x188.jpg 300w, https:\/\/businesscenters.cat\/wp-content\/uploads\/2019\/08\/Untitled-design-3-768x480.jpg 768w\" sizes=\"(max-width: 800px) 100vw, 800px\" \/><\/strong><\/p>\n<h4 style=\"text-align: center;\"><span style=\"color: #5c84c1;\"><strong>SOM L&#8217;ESPAI DE COWORKING AL CENTRE DE BARCELONA QUE ESTAVES BUSCANT<\/strong><\/span><\/h4>\n<p>Aprofita els avantatges que t&#8217;ofereix l&#8217;espai de Business Centers per treballar en coworking a Barcelona i beneficia&#8217;t de tots els serveis que oferim.<\/p>\n<p><strong>PER QU\u00c8 SOM DIFERENTS?<\/strong><\/p>\n<p>Oferim m\u00e9s serveis que altres centres de negocis a Barcelona. Tamb\u00e9 destacar el nostre comprom\u00eds amb les empreses que formen part de l&#8217;ecosistema del centre i el nostre tracte proper amb els nostres clients.<\/p>\n<p><strong>LA TARIFA:\u00a0<\/strong>Consulta les nostres ofertes del mes<\/p>\n<p><strong>FES UNA ULLADA AQU\u00cd A les nostres instal\u00b7lacions<\/strong><\/p>\n<p><strong>JA CONFIEN EN NOSALTRES<\/strong><\/p>\n<p>M\u00e9s de 100 professionals ja treballen en els nostres centres Vols ser un d&#8217;ells?<\/p>\n<p><strong>VINE A VISITAR-NOS SENSE COMPROM\u00cdS:<\/strong><\/p>\n<p>Carrer C\u00f2rsega 299. Tel\u00e8fon 932.386.710<\/p>\n<p>Passeig de Gr\u00e0cia 12, 1a. Tel\u00e8fon 934.920.350<\/p>\n<h3 style=\"text-align: center;\"><span style=\"color: #5c84c1;\">T&#8217;esperem!<\/span><\/h3>\n<p>&nbsp;<\/p>\n<p>Demana cita escrivint un correu a info@businesscenters.cat o trucant al 932.386.710<\/p>\n<p>I per estar al dia de la nostra activitat segueix-nos a:<\/p>\n<ul>\n<li>twitter @BusinessCcat<\/li>\n<li>Facebook @Corcegabusinesscenters<\/li>\n<li>Instagram corcegabusinesscenters<\/li>\n<\/ul>\n","protected":false},"excerpt":{"rendered":"<p>\u00bfQu\u00e8 es un coworking? La paraula coworking \u00e9s un terme que ha guanyat visibilitat en els \u00faltims anys i que es refereix al lloguer d&#8217;un espai de treball de dimensions redu\u00efdes compartit amb altres professionals. El &#8220;co-treball&#8221; \u00e9s una modalitat d&#8217;espai de treball que busca abaratir el cost mitj\u00e0 de la reducci\u00f3 de l&#8217;espai i [&hellip;]<\/p>\n","protected":false},"author":1,"featured_media":2259,"comment_status":"open","ping_status":"open","sticky":false,"template":"","format":"standard","meta":{"site-sidebar-layout":"default","site-content-layout":"default","ast-site-content-layout":"","site-content-style":"default","site-sidebar-style":"default","ast-global-header-display":"","ast-banner-title-visibility":"","ast-main-header-display":"","ast-hfb-above-header-display":"","ast-hfb-below-header-display":"","ast-hfb-mobile-header-display":"","site-post-title":"","ast-breadcrumbs-content":"","ast-featured-img":"","footer-sml-layout":"","theme-transparent-header-meta":"default","adv-header-id-meta":"","stick-header-meta":"","header-above-stick-meta":"","header-main-stick-meta":"","header-below-stick-meta":"","astra-migrate-meta-layouts":"default","ast-page-background-enabled":"default","ast-page-background-meta":{"desktop":{"background-color":"","background-image":"","background-repeat":"repeat","background-position":"center center","background-size":"auto","background-attachment":"scroll","background-type":"","background-media":"","overlay-type":"","overlay-color":"","overlay-gradient":""},"tablet":{"background-color":"","background-image":"","background-repeat":"repeat","background-position":"center center","background-size":"auto","background-attachment":"scroll","background-type":"","background-media":"","overlay-type":"","overlay-color":"","overlay-gradient":""},"mobile":{"background-color":"","background-image":"","background-repeat":"repeat","background-position":"center center","background-size":"auto","background-attachment":"scroll","background-type":"","background-media":"","overlay-type":"","overlay-color":"","overlay-gradient":""}},"ast-content-background-meta":{"desktop":{"background-color":"var(--ast-global-color-5)","background-image":"","background-repeat":"repeat","background-position":"center center","background-size":"auto","background-attachment":"scroll","background-type":"","background-media":"","overlay-type":"","overlay-color":"","overlay-gradient":""},"tablet":{"background-color":"var(--ast-global-color-5)","background-image":"","background-repeat":"repeat","background-position":"center center","background-size":"auto","background-attachment":"scroll","background-type":"","background-media":"","overlay-type":"","overlay-color":"","overlay-gradient":""},"mobile":{"background-color":"var(--ast-global-color-5)","background-image":"","background-repeat":"repeat","background-position":"center center","background-size":"auto","background-attachment":"scroll","background-type":"","background-media":"","overlay-type":"","overlay-color":"","overlay-gradient":""}},"_joinchat":[],"footnotes":""},"categories":[8],"tags":[257,91,89,92,90],"class_list":["post-2332","post","type-post","status-publish","format-standard","has-post-thumbnail","hentry","category-uncategorized-ca","tag-coworking-a-barcelona-ca","tag-despatx-a-barcelona","tag-lloguer-de-coworking-barat-a-barcelona","tag-lloguer-despatx-arquitectes-a-barcelona","tag-lloguer-espai-de-treball-per-a-arquitectes-barcelona"],"yoast_head":"<!-- This site is optimized with the Yoast SEO plugin v24.8.1 - https:\/\/yoast.com\/wordpress\/plugins\/seo\/ -->\n<title>Espai de coworking al centre de Barcelona<\/title>\n<meta name=\"description\" content=\"El &quot;co-treball&quot; \u00e9s una modalitat d&#039;espai de treball que busca abaratir el cost mitj\u00e0 de la reducci\u00f3 de l&#039;espai.\" \/>\n<meta name=\"robots\" content=\"index, follow, max-snippet:-1, max-image-preview:large, max-video-preview:-1\" \/>\n<link rel=\"canonical\" href=\"https:\/\/businesscenters.cat\/ca\/blog\/espai-de-coworking-al-centre-de-barcelona\/\" \/>\n<meta property=\"og:locale\" content=\"ca_ES\" \/>\n<meta property=\"og:type\" content=\"article\" \/>\n<meta property=\"og:title\" content=\"Espai de coworking al centre de Barcelona\" \/>\n<meta property=\"og:description\" content=\"El &quot;co-treball&quot; \u00e9s una modalitat d&#039;espai de treball que busca abaratir el cost mitj\u00e0 de la reducci\u00f3 de l&#039;espai.\" \/>\n<meta property=\"og:url\" content=\"https:\/\/businesscenters.cat\/ca\/blog\/espai-de-coworking-al-centre-de-barcelona\/\" \/>\n<meta property=\"og:site_name\" content=\"Business Centers Barcelona\" \/>\n<meta property=\"article:published_time\" content=\"2019-08-01T13:55:55+00:00\" \/>\n<meta property=\"article:modified_time\" content=\"2025-01-13T09:59:59+00:00\" \/>\n<meta property=\"og:image\" content=\"https:\/\/businesscenters.cat\/wp-content\/uploads\/2019\/08\/Untitled-design.jpg\" \/>\n\t<meta property=\"og:image:width\" content=\"800\" \/>\n\t<meta property=\"og:image:height\" content=\"500\" \/>\n\t<meta property=\"og:image:type\" content=\"image\/jpeg\" \/>\n<meta name=\"author\" content=\"admin\" \/>\n<meta name=\"twitter:card\" content=\"summary_large_image\" \/>\n<meta name=\"twitter:label1\" content=\"Escrit per\" \/>\n\t<meta name=\"twitter:data1\" content=\"admin\" \/>\n\t<meta name=\"twitter:label2\" content=\"Temps estimat de lectura\" \/>\n\t<meta name=\"twitter:data2\" content=\"4 minuts\" \/>\n<script type=\"application\/ld+json\" class=\"yoast-schema-graph\">{\"@context\":\"https:\/\/schema.org\",\"@graph\":[{\"@type\":\"Article\",\"@id\":\"https:\/\/businesscenters.cat\/ca\/blog\/espai-de-coworking-al-centre-de-barcelona\/#article\",\"isPartOf\":{\"@id\":\"https:\/\/businesscenters.cat\/ca\/blog\/espai-de-coworking-al-centre-de-barcelona\/\"},\"author\":{\"name\":\"admin\",\"@id\":\"https:\/\/businesscenters.cat\/ca\/#\/schema\/person\/c3a6287a8772b2bfa62dbb59b29854fd\"},\"headline\":\"Espai de coworking al centre de Barcelona\",\"datePublished\":\"2019-08-01T13:55:55+00:00\",\"dateModified\":\"2025-01-13T09:59:59+00:00\",\"mainEntityOfPage\":{\"@id\":\"https:\/\/businesscenters.cat\/ca\/blog\/espai-de-coworking-al-centre-de-barcelona\/\"},\"wordCount\":749,\"commentCount\":0,\"publisher\":{\"@id\":\"https:\/\/businesscenters.cat\/ca\/#organization\"},\"image\":{\"@id\":\"https:\/\/businesscenters.cat\/ca\/blog\/espai-de-coworking-al-centre-de-barcelona\/#primaryimage\"},\"thumbnailUrl\":\"https:\/\/businesscenters.cat\/wp-content\/uploads\/2019\/08\/Untitled-design.jpg\",\"keywords\":[\"Coworking a Barcelona\",\"despatx a barcelona\",\"lloguer de coworking barat a barcelona\",\"lloguer despatx arquitectes a barcelona\",\"lloguer espai de treball per a arquitectes barcelona\"],\"articleSection\":[\"Uncategorized @ca\"],\"inLanguage\":\"ca\",\"potentialAction\":[{\"@type\":\"CommentAction\",\"name\":\"Comment\",\"target\":[\"https:\/\/businesscenters.cat\/ca\/blog\/espai-de-coworking-al-centre-de-barcelona\/#respond\"]}]},{\"@type\":\"WebPage\",\"@id\":\"https:\/\/businesscenters.cat\/ca\/blog\/espai-de-coworking-al-centre-de-barcelona\/\",\"url\":\"https:\/\/businesscenters.cat\/ca\/blog\/espai-de-coworking-al-centre-de-barcelona\/\",\"name\":\"Espai de coworking al centre de Barcelona\",\"isPartOf\":{\"@id\":\"https:\/\/businesscenters.cat\/ca\/#website\"},\"primaryImageOfPage\":{\"@id\":\"https:\/\/businesscenters.cat\/ca\/blog\/espai-de-coworking-al-centre-de-barcelona\/#primaryimage\"},\"image\":{\"@id\":\"https:\/\/businesscenters.cat\/ca\/blog\/espai-de-coworking-al-centre-de-barcelona\/#primaryimage\"},\"thumbnailUrl\":\"https:\/\/businesscenters.cat\/wp-content\/uploads\/2019\/08\/Untitled-design.jpg\",\"datePublished\":\"2019-08-01T13:55:55+00:00\",\"dateModified\":\"2025-01-13T09:59:59+00:00\",\"description\":\"El \\\"co-treball\\\" \u00e9s una modalitat d'espai de treball que busca abaratir el cost mitj\u00e0 de la reducci\u00f3 de l'espai.\",\"breadcrumb\":{\"@id\":\"https:\/\/businesscenters.cat\/ca\/blog\/espai-de-coworking-al-centre-de-barcelona\/#breadcrumb\"},\"inLanguage\":\"ca\",\"potentialAction\":[{\"@type\":\"ReadAction\",\"target\":[\"https:\/\/businesscenters.cat\/ca\/blog\/espai-de-coworking-al-centre-de-barcelona\/\"]}]},{\"@type\":\"ImageObject\",\"inLanguage\":\"ca\",\"@id\":\"https:\/\/businesscenters.cat\/ca\/blog\/espai-de-coworking-al-centre-de-barcelona\/#primaryimage\",\"url\":\"https:\/\/businesscenters.cat\/wp-content\/uploads\/2019\/08\/Untitled-design.jpg\",\"contentUrl\":\"https:\/\/businesscenters.cat\/wp-content\/uploads\/2019\/08\/Untitled-design.jpg\",\"width\":800,\"height\":500,\"caption\":\"coworking barcelona\"},{\"@type\":\"BreadcrumbList\",\"@id\":\"https:\/\/businesscenters.cat\/ca\/blog\/espai-de-coworking-al-centre-de-barcelona\/#breadcrumb\",\"itemListElement\":[{\"@type\":\"ListItem\",\"position\":1,\"name\":\"Portada\",\"item\":\"https:\/\/businesscenters.cat\/ca\/\"},{\"@type\":\"ListItem\",\"position\":2,\"name\":\"Espai de coworking al centre de Barcelona\"}]},{\"@type\":\"WebSite\",\"@id\":\"https:\/\/businesscenters.cat\/ca\/#website\",\"url\":\"https:\/\/businesscenters.cat\/ca\/\",\"name\":\"Business Centers Barcelona\",\"description\":\"Alquiler de oficinas, despachos y coworking en el centro de Barcelona\",\"publisher\":{\"@id\":\"https:\/\/businesscenters.cat\/ca\/#organization\"},\"potentialAction\":[{\"@type\":\"SearchAction\",\"target\":{\"@type\":\"EntryPoint\",\"urlTemplate\":\"https:\/\/businesscenters.cat\/ca\/?s={search_term_string}\"},\"query-input\":{\"@type\":\"PropertyValueSpecification\",\"valueRequired\":true,\"valueName\":\"search_term_string\"}}],\"inLanguage\":\"ca\"},{\"@type\":\"Organization\",\"@id\":\"https:\/\/businesscenters.cat\/ca\/#organization\",\"name\":\"Business Centers Barcelona\",\"url\":\"https:\/\/businesscenters.cat\/ca\/\",\"logo\":{\"@type\":\"ImageObject\",\"inLanguage\":\"ca\",\"@id\":\"https:\/\/businesscenters.cat\/ca\/#\/schema\/logo\/image\/\",\"url\":\"https:\/\/businesscenters.cat\/wp-content\/uploads\/2018\/09\/business-logo-w.png\",\"contentUrl\":\"https:\/\/businesscenters.cat\/wp-content\/uploads\/2018\/09\/business-logo-w.png\",\"width\":250,\"height\":105,\"caption\":\"Business Centers Barcelona\"},\"image\":{\"@id\":\"https:\/\/businesscenters.cat\/ca\/#\/schema\/logo\/image\/\"}},{\"@type\":\"Person\",\"@id\":\"https:\/\/businesscenters.cat\/ca\/#\/schema\/person\/c3a6287a8772b2bfa62dbb59b29854fd\",\"name\":\"admin\",\"image\":{\"@type\":\"ImageObject\",\"inLanguage\":\"ca\",\"@id\":\"https:\/\/businesscenters.cat\/ca\/#\/schema\/person\/image\/\",\"url\":\"https:\/\/secure.gravatar.com\/avatar\/f2f0cbea46c11178f634415d0225b67a?s=96&d=mm&r=g\",\"contentUrl\":\"https:\/\/secure.gravatar.com\/avatar\/f2f0cbea46c11178f634415d0225b67a?s=96&d=mm&r=g\",\"caption\":\"admin\"},\"url\":\"https:\/\/businesscenters.cat\/ca\/blog\/author\/administrador_ljiegyza\/\"}]}<\/script>\n<!-- \/ Yoast SEO plugin. -->","yoast_head_json":{"title":"Espai de coworking al centre de Barcelona","description":"El \"co-treball\" \u00e9s una modalitat d'espai de treball que busca abaratir el cost mitj\u00e0 de la reducci\u00f3 de l'espai.","robots":{"index":"index","follow":"follow","max-snippet":"max-snippet:-1","max-image-preview":"max-image-preview:large","max-video-preview":"max-video-preview:-1"},"canonical":"https:\/\/businesscenters.cat\/ca\/blog\/espai-de-coworking-al-centre-de-barcelona\/","og_locale":"ca_ES","og_type":"article","og_title":"Espai de coworking al centre de Barcelona","og_description":"El \"co-treball\" \u00e9s una modalitat d'espai de treball que busca abaratir el cost mitj\u00e0 de la reducci\u00f3 de l'espai.","og_url":"https:\/\/businesscenters.cat\/ca\/blog\/espai-de-coworking-al-centre-de-barcelona\/","og_site_name":"Business Centers Barcelona","article_published_time":"2019-08-01T13:55:55+00:00","article_modified_time":"2025-01-13T09:59:59+00:00","og_image":[{"width":800,"height":500,"url":"https:\/\/businesscenters.cat\/wp-content\/uploads\/2019\/08\/Untitled-design.jpg","type":"image\/jpeg"}],"author":"admin","twitter_card":"summary_large_image","twitter_misc":{"Escrit per":"admin","Temps estimat de lectura":"4 minuts"},"schema":{"@context":"https:\/\/schema.org","@graph":[{"@type":"Article","@id":"https:\/\/businesscenters.cat\/ca\/blog\/espai-de-coworking-al-centre-de-barcelona\/#article","isPartOf":{"@id":"https:\/\/businesscenters.cat\/ca\/blog\/espai-de-coworking-al-centre-de-barcelona\/"},"author":{"name":"admin","@id":"https:\/\/businesscenters.cat\/ca\/#\/schema\/person\/c3a6287a8772b2bfa62dbb59b29854fd"},"headline":"Espai de coworking al centre de Barcelona","datePublished":"2019-08-01T13:55:55+00:00","dateModified":"2025-01-13T09:59:59+00:00","mainEntityOfPage":{"@id":"https:\/\/businesscenters.cat\/ca\/blog\/espai-de-coworking-al-centre-de-barcelona\/"},"wordCount":749,"commentCount":0,"publisher":{"@id":"https:\/\/businesscenters.cat\/ca\/#organization"},"image":{"@id":"https:\/\/businesscenters.cat\/ca\/blog\/espai-de-coworking-al-centre-de-barcelona\/#primaryimage"},"thumbnailUrl":"https:\/\/businesscenters.cat\/wp-content\/uploads\/2019\/08\/Untitled-design.jpg","keywords":["Coworking a Barcelona","despatx a barcelona","lloguer de coworking barat a barcelona","lloguer despatx arquitectes a barcelona","lloguer espai de treball per a arquitectes barcelona"],"articleSection":["Uncategorized @ca"],"inLanguage":"ca","potentialAction":[{"@type":"CommentAction","name":"Comment","target":["https:\/\/businesscenters.cat\/ca\/blog\/espai-de-coworking-al-centre-de-barcelona\/#respond"]}]},{"@type":"WebPage","@id":"https:\/\/businesscenters.cat\/ca\/blog\/espai-de-coworking-al-centre-de-barcelona\/","url":"https:\/\/businesscenters.cat\/ca\/blog\/espai-de-coworking-al-centre-de-barcelona\/","name":"Espai de coworking al centre de Barcelona","isPartOf":{"@id":"https:\/\/businesscenters.cat\/ca\/#website"},"primaryImageOfPage":{"@id":"https:\/\/businesscenters.cat\/ca\/blog\/espai-de-coworking-al-centre-de-barcelona\/#primaryimage"},"image":{"@id":"https:\/\/businesscenters.cat\/ca\/blog\/espai-de-coworking-al-centre-de-barcelona\/#primaryimage"},"thumbnailUrl":"https:\/\/businesscenters.cat\/wp-content\/uploads\/2019\/08\/Untitled-design.jpg","datePublished":"2019-08-01T13:55:55+00:00","dateModified":"2025-01-13T09:59:59+00:00","description":"El \"co-treball\" \u00e9s una modalitat d'espai de treball que busca abaratir el cost mitj\u00e0 de la reducci\u00f3 de l'espai.","breadcrumb":{"@id":"https:\/\/businesscenters.cat\/ca\/blog\/espai-de-coworking-al-centre-de-barcelona\/#breadcrumb"},"inLanguage":"ca","potentialAction":[{"@type":"ReadAction","target":["https:\/\/businesscenters.cat\/ca\/blog\/espai-de-coworking-al-centre-de-barcelona\/"]}]},{"@type":"ImageObject","inLanguage":"ca","@id":"https:\/\/businesscenters.cat\/ca\/blog\/espai-de-coworking-al-centre-de-barcelona\/#primaryimage","url":"https:\/\/businesscenters.cat\/wp-content\/uploads\/2019\/08\/Untitled-design.jpg","contentUrl":"https:\/\/businesscenters.cat\/wp-content\/uploads\/2019\/08\/Untitled-design.jpg","width":800,"height":500,"caption":"coworking barcelona"},{"@type":"BreadcrumbList","@id":"https:\/\/businesscenters.cat\/ca\/blog\/espai-de-coworking-al-centre-de-barcelona\/#breadcrumb","itemListElement":[{"@type":"ListItem","position":1,"name":"Portada","item":"https:\/\/businesscenters.cat\/ca\/"},{"@type":"ListItem","position":2,"name":"Espai de coworking al centre de Barcelona"}]},{"@type":"WebSite","@id":"https:\/\/businesscenters.cat\/ca\/#website","url":"https:\/\/businesscenters.cat\/ca\/","name":"Business Centers Barcelona","description":"Alquiler de oficinas, despachos y coworking en el centro de Barcelona","publisher":{"@id":"https:\/\/businesscenters.cat\/ca\/#organization"},"potentialAction":[{"@type":"SearchAction","target":{"@type":"EntryPoint","urlTemplate":"https:\/\/businesscenters.cat\/ca\/?s={search_term_string}"},"query-input":{"@type":"PropertyValueSpecification","valueRequired":true,"valueName":"search_term_string"}}],"inLanguage":"ca"},{"@type":"Organization","@id":"https:\/\/businesscenters.cat\/ca\/#organization","name":"Business Centers Barcelona","url":"https:\/\/businesscenters.cat\/ca\/","logo":{"@type":"ImageObject","inLanguage":"ca","@id":"https:\/\/businesscenters.cat\/ca\/#\/schema\/logo\/image\/","url":"https:\/\/businesscenters.cat\/wp-content\/uploads\/2018\/09\/business-logo-w.png","contentUrl":"https:\/\/businesscenters.cat\/wp-content\/uploads\/2018\/09\/business-logo-w.png","width":250,"height":105,"caption":"Business Centers Barcelona"},"image":{"@id":"https:\/\/businesscenters.cat\/ca\/#\/schema\/logo\/image\/"}},{"@type":"Person","@id":"https:\/\/businesscenters.cat\/ca\/#\/schema\/person\/c3a6287a8772b2bfa62dbb59b29854fd","name":"admin","image":{"@type":"ImageObject","inLanguage":"ca","@id":"https:\/\/businesscenters.cat\/ca\/#\/schema\/person\/image\/","url":"https:\/\/secure.gravatar.com\/avatar\/f2f0cbea46c11178f634415d0225b67a?s=96&d=mm&r=g","contentUrl":"https:\/\/secure.gravatar.com\/avatar\/f2f0cbea46c11178f634415d0225b67a?s=96&d=mm&r=g","caption":"admin"},"url":"https:\/\/businesscenters.cat\/ca\/blog\/author\/administrador_ljiegyza\/"}]}},"_links":{"self":[{"href":"https:\/\/businesscenters.cat\/ca\/wp-json\/wp\/v2\/posts\/2332","targetHints":{"allow":["GET"]}}],"collection":[{"href":"https:\/\/businesscenters.cat\/ca\/wp-json\/wp\/v2\/posts"}],"about":[{"href":"https:\/\/businesscenters.cat\/ca\/wp-json\/wp\/v2\/types\/post"}],"author":[{"embeddable":true,"href":"https:\/\/businesscenters.cat\/ca\/wp-json\/wp\/v2\/users\/1"}],"replies":[{"embeddable":true,"href":"https:\/\/businesscenters.cat\/ca\/wp-json\/wp\/v2\/comments?post=2332"}],"version-history":[{"count":0,"href":"https:\/\/businesscenters.cat\/ca\/wp-json\/wp\/v2\/posts\/2332\/revisions"}],"wp:featuredmedia":[{"embeddable":true,"href":"https:\/\/businesscenters.cat\/ca\/wp-json\/wp\/v2\/media\/2259"}],"wp:attachment":[{"href":"https:\/\/businesscenters.cat\/ca\/wp-json\/wp\/v2\/media?parent=2332"}],"wp:term":[{"taxonomy":"category","embeddable":true,"href":"https:\/\/businesscenters.cat\/ca\/wp-json\/wp\/v2\/categories?post=2332"},{"taxonomy":"post_tag","embeddable":true,"href":"https:\/\/businesscenters.cat\/ca\/wp-json\/wp\/v2\/tags?post=2332"}],"curies":[{"name":"wp","href":"https:\/\/api.w.org\/{rel}","templated":true}]}}