{"id":2337,"date":"2019-08-08T14:07:48","date_gmt":"2019-08-08T14:07:48","guid":{"rendered":"http:\/\/businesscenters.cat\/?p=2337"},"modified":"2024-12-19T12:33:09","modified_gmt":"2024-12-19T11:33:09","slug":"5-tendencies-per-decorar-un-despatx-professional","status":"publish","type":"post","link":"https:\/\/businesscenters.cat\/ca\/blog\/5-tendencies-per-decorar-un-despatx-professional\/","title":{"rendered":"5 tend\u00e8ncies per decorar un despatx professional"},"content":{"rendered":"<p>Si est\u00e0s llegint aquest article potser \u00e9s perqu\u00e8 tens davant teu un despatx per decorar o moblar. Desde <a href=\"https:\/\/businesscenters.cat\/ca\/\">Business Centers<\/a> et portem les <strong>\u00faltimes tend\u00e8ncies en decoraci\u00f3 d&#8217;espais professionals<\/strong> perqu\u00e8 li treguis el m\u00e0xim partit.<\/p>\n<p>La teva oficina o despatx ser\u00e0 la <strong>carta de presentaci\u00f3 de la teva empresa<\/strong>, una eina m\u00e9s de venda i engagment. Un espai professional pot arribar a transmetre sensacions com a buit, precarietat, brut\u00edcia, baixa qualitat &#8230; i per costat oposat tamb\u00e9 podem trobar-nos amb despatxos opulents, luxosos i ostentosos. Si aquests qualificatius estan lluny del que la nostra empresa representa i identitat corporativa, el millor \u00e9s fugir de tots ells.<\/p>\n<p><em><strong>&#8211; VEURE M\u00c9S: <a href=\"https:\/\/businesscenters.cat\/ca\/serveis\/sales-reunions-barcelona\/\">LES NOSTRES <u>SALES DE REUNIONS<\/u><\/a><\/strong><\/em><\/p>\n<p>Aix\u00ed, la decoraci\u00f3 d&#8217;un espai de treball hauria de complir amb els seg\u00fcents requisits:<\/p>\n<ul>\n<li>Visual i funcionalment hauria de facilitar el desenvolupament de les tasques laborals,<\/li>\n<li>Transmetre la imatge de corporativa de la nostra empresa<\/li>\n<li>Ajudar a aconseguir clients.<\/li>\n<\/ul>\n<p><img fetchpriority=\"high\" decoding=\"async\" class=\"aligncenter size-full wp-image-2287\" src=\"https:\/\/businesscenters.cat\/wp-content\/uploads\/2019\/08\/Untitled-design-1-1.jpg\" alt=\"oficina barcelona\" width=\"800\" height=\"500\" srcset=\"https:\/\/businesscenters.cat\/wp-content\/uploads\/2019\/08\/Untitled-design-1-1.jpg 800w, https:\/\/businesscenters.cat\/wp-content\/uploads\/2019\/08\/Untitled-design-1-1-300x188.jpg 300w, https:\/\/businesscenters.cat\/wp-content\/uploads\/2019\/08\/Untitled-design-1-1-768x480.jpg 768w\" sizes=\"(max-width: 800px) 100vw, 800px\" \/><\/p>\n<p>Per aix\u00f2, a continuaci\u00f3 anem a deixar-te alguns tips que esperem t&#8217;ajudin a prendre les decisions correctes a l&#8217;hora de decorar la teva oficina segons les tend\u00e8ncies actuals.<\/p>\n<p><strong>1. El primer que cal considerar \u00e9s la naturalesa de la teva empresa<\/strong>, ja que no \u00e9s el mateix decorar per a un despatx d&#8217;advocats que per a un artista conceptual. Com d\u00e8iem anteriorment, \u00e9s important que la imatge que transmetem estigui d&#8217;acord amb la nostra entitat de marca i sector professional.<\/p>\n<p>Hi ha concessions est\u00e8tiques que poden valer per professions de car\u00e0cter art\u00edstic com a escriptors, copys, dissenyadors, productors, m\u00fasics &#8230; Aquests professionals habitualment compten en els seus llocs de treball amb <strong>recursos que promouen la inspiraci\u00f3 o abstracci\u00f3<\/strong>: com pissarres, parets en qu\u00e8 es pot dibuixar , il\u00b7lustracions, maniquins per provar dissenys, etc.<\/p>\n<p>En canvi, aquestes &#8220;eines de treball&#8221; no s\u00f3n benvingudes en altres ambients laborals l&#8217;objectiu dels quals sol ser oferir una imatge seriosa, de confian\u00e7a i solv\u00e8ncia. En aquests casos <strong>l&#8217;ideal \u00e9s deixar de banda les estrid\u00e8ncies i les decoracions sup\u00e8rflues.<\/strong><\/p>\n<p>Si fos necessari incorporar alguna <strong>eina de treball de gran volum a la teva oficina<\/strong>, com pot ser una pissarra, tauler de tasques, taula d&#8217;arquitectes, pl\u00f2ter, impressora, etc. el recomanable \u00e9s que estiguin ubicats en un lloc discret de l&#8217;espai, mai obstaculitzant el pas o ocupant un espai destacat dins el despatx. Tamb\u00e9 ajudar\u00e0 que el color d&#8217;aquests elements sigui el m\u00e9s neutre i discret possible.<\/p>\n<p><strong><em>&#8211; VEURE M\u00c9S:<u> LES NOSTRES OFERTAS DEL MES EN LLOGUER D\u2019OFICINES<\/u><\/em><\/strong><\/p>\n<p><img decoding=\"async\" class=\"aligncenter size-full wp-image-2293\" src=\"https:\/\/businesscenters.cat\/wp-content\/uploads\/2019\/08\/Untitled-design-3-1.jpg\" alt=\"pizarra de trabajo\" width=\"800\" height=\"500\" srcset=\"https:\/\/businesscenters.cat\/wp-content\/uploads\/2019\/08\/Untitled-design-3-1.jpg 800w, https:\/\/businesscenters.cat\/wp-content\/uploads\/2019\/08\/Untitled-design-3-1-300x188.jpg 300w, https:\/\/businesscenters.cat\/wp-content\/uploads\/2019\/08\/Untitled-design-3-1-768x480.jpg 768w\" sizes=\"(max-width: 800px) 100vw, 800px\" \/><\/p>\n<p><strong>2. Seleccionar la gamma de colors per a l&#8217;oficina.<\/strong> Els colors que anem a utilitzar en la decoraci\u00f3 poden suposar un \u00e8xit o arru\u00efnar el disseny de tot l&#8217;espai. Per fomentar la concentraci\u00f3 i minimitzar les distraccions, el millor \u00e9s optar per una <strong>paleta de colors suau i neutra<\/strong>. El blanc, gris, beix o un to suau del color que m\u00e9s ens agrada, solen ser una bona idea. Si volem utilitzar els <strong>colors corporatius de la nostra empresa, es poden aplicar en petites dosis<\/strong> i per a elements concrets.<\/p>\n<p><img decoding=\"async\" class=\"aligncenter size-full wp-image-2296\" src=\"https:\/\/businesscenters.cat\/wp-content\/uploads\/2019\/08\/Untitled-design-4.jpg\" alt=\"decorar tu oficina\" width=\"800\" height=\"500\" srcset=\"https:\/\/businesscenters.cat\/wp-content\/uploads\/2019\/08\/Untitled-design-4.jpg 800w, https:\/\/businesscenters.cat\/wp-content\/uploads\/2019\/08\/Untitled-design-4-300x188.jpg 300w, https:\/\/businesscenters.cat\/wp-content\/uploads\/2019\/08\/Untitled-design-4-768x480.jpg 768w\" sizes=\"(max-width: 800px) 100vw, 800px\" \/><\/p>\n<p><strong>3.<\/strong> <strong style=\"font-size: 16px;\">Apostar per mobiliari de qualitat.<\/strong><span style=\"font-size: 16px;\"> Els mobles diuen molt del lloc en el qual estem, tots tenim en ment els despatxos d&#8217;advocats ornamentats i recarregats, o la fredor d&#8217;una consulta m\u00e8dica. Si els mobles es troben en males condicions, amb desperfectes, bruts o si s&#8217;observa clarament que no encaixen a l&#8217;habitaci\u00f3, no donaran una<strong> impressi\u00f3 positiva als nostres client<\/strong>s.<\/span><\/p>\n<p>La <strong>taula del despatx<\/strong> en qu\u00e8 s&#8217;at\u00e9n als clients aix\u00ed com les cadires en qu\u00e8 ambdues parts se sentin, haurien d&#8217;estar acuradament seleccionats. Que el material sigui feble i massa senzill no facilita la sensaci\u00f3 de solidesa que els clients busquen en una empresa.<\/p>\n<p>Tamb\u00e9 \u00e9s convenient tenir en compte les <strong>cadires o al sof\u00e0<\/strong> en el que esperen els clients a ser atesos. S\u00f3n una part del mobiliari d&#8217;oficina que sovint no es t\u00e9 en consideraci\u00f3.<\/p>\n<p>Un aspecte fonamental a considerar \u00e9s la gran quantitat de paper que generen les oficines. \u00c9s convenient assignar un espai per a l&#8217;emmagatzematge i <strong>organitzaci\u00f3 d&#8217;informes i arxius<\/strong>, sempre ocults a la vista del client.<\/p>\n<p>Avui dia hi ha moltes opcions en el mercat per moblar un espai adequadament sense necessitat de gastar-se un dineral.<\/p>\n<p><img loading=\"lazy\" decoding=\"async\" class=\"aligncenter size-full wp-image-2302\" src=\"https:\/\/businesscenters.cat\/wp-content\/uploads\/2019\/08\/Untitled-design-5-1.jpg\" alt=\"c\u00f3mo decorar un despacho\" width=\"800\" height=\"500\" srcset=\"https:\/\/businesscenters.cat\/wp-content\/uploads\/2019\/08\/Untitled-design-5-1.jpg 800w, https:\/\/businesscenters.cat\/wp-content\/uploads\/2019\/08\/Untitled-design-5-1-300x188.jpg 300w, https:\/\/businesscenters.cat\/wp-content\/uploads\/2019\/08\/Untitled-design-5-1-768x480.jpg 768w\" sizes=\"(max-width: 800px) 100vw, 800px\" \/><\/p>\n<p><strong style=\"font-size: 16px;\">4. Elements de decoraci\u00f3.<\/strong><span style=\"font-size: 16px;\"> Hi ha alguns complements de decoraci\u00f3 que mai fallen, com \u00e9s el cas de les <strong>plantes.<\/strong> Les plantes aporten calidesa i personalitat a les habitacions, les hi artificials per als m\u00e9s descuidats i naturals per als m\u00e9s constants. Hi ha plantes i flors de tota mena d&#8217;estils, amb m\u00e9s o menys colorit, de major o menor grand\u00e0ria. S\u00f3n ideals per a qualsevol espai de treball.<\/span><\/p>\n<p>Un altre element habitual s\u00f3n les <strong>decoracions de paret<\/strong>. La incorporaci\u00f3 de t\u00edtols universitaris, certificats, segells de qualitat i altres acreditacions sempre \u00e9s una bona idea. Fotografies amb clients il\u00b7lustres, premis rebuts &#8230; tot aix\u00f2 aportar\u00e0 imatge de qualitat i distinci\u00f3.<\/p>\n<p>Addicionalment, conv\u00e9 pensar en <strong>peces d&#8217;ordenaci\u00f3<\/strong> que ens fan la vida m\u00e9s senzilla i que conv\u00e9 tenir en compte, com \u00e9s el cas dels penjadors per penjar abrics o paraig\u00fcers.<\/p>\n<p><em><strong>&#8211; VEURE M\u00c9S: <u>UBICACI\u00d3 DELS NOSTRES ESPAIS DE TREBALL A BARCELONA<\/u><\/strong><\/em><\/p>\n<p><img loading=\"lazy\" decoding=\"async\" class=\"aligncenter size-full wp-image-2290\" src=\"https:\/\/businesscenters.cat\/wp-content\/uploads\/2019\/08\/Untitled-design-2-1.jpg\" alt=\"decorar con plantas\" width=\"800\" height=\"500\" srcset=\"https:\/\/businesscenters.cat\/wp-content\/uploads\/2019\/08\/Untitled-design-2-1.jpg 800w, https:\/\/businesscenters.cat\/wp-content\/uploads\/2019\/08\/Untitled-design-2-1-300x188.jpg 300w, https:\/\/businesscenters.cat\/wp-content\/uploads\/2019\/08\/Untitled-design-2-1-768x480.jpg 768w\" sizes=\"(max-width: 800px) 100vw, 800px\" \/><\/p>\n<p><strong>5. Condicions ambientals.<\/strong> \u00c9s important tenir cura de la temperatura ambient de l&#8217;oficina, encara que siguis una persona amb tend\u00e8ncia a passar calor o fred, pensa que el client que vas a rebre pot experimentar la sensaci\u00f3 contr\u00e0ria. Aix\u00ed, l&#8217;ideal \u00e9s fixar una temperatura de <strong>climatitzaci\u00f3 normal<\/strong> segons els est\u00e0ndards indicats.<\/p>\n<p>En aquest punt tamb\u00e9 volem recordar que <strong>una correcta il\u00b7luminaci\u00f3 pot ser la clau perqu\u00e8 un espai llueixi com deu,<\/strong> a m\u00e9s d&#8217;assegurar que la teva vista no pateix durant les llargues jornades de treball.<\/p>\n<h4><strong>\u00bf<\/strong> <strong>Han estat d&#8217;utilitat aquests consells?<\/strong><\/h4>\n<p>Desde Business Center Barcelona esperem que aquests consells t&#8217;hagin estat d&#8217;utilitat.<\/p>\n<p>En els nostres edificis d&#8217;oficines a Barcelona volem que et sentis com a casa, vine a visitar-nos i comprova les instal\u00b7lacions, \u00a1t&#8217;encantaran!<\/p>\n<p>Tens m\u00e9s informaci\u00f3 aqu\u00ed si prefereixes veure abans els <a href=\"https:\/\/businesscenters.cat\/ca\/serveis\/videoconferencies-barcelona\/\"><u>serveis que estan inclosos en el lloguer de l&#8217;oficina.<\/u><\/a><\/p>\n<p>Els nostres centres de treball s\u00f3n al centre de <strong>Barcelona molt a prop tots els serveis i transport p\u00fablic. <\/strong><\/p>\n<p>Comptem amb o<strong>ficines i despatxos de diverses mides<\/strong> perqu\u00e8 trobis el que m\u00e9s s&#8217;adapta a les teves necessitats.<\/p>\n<h3 style=\"text-align: center;\"><span style=\"color: #5c84c1;\"><strong>\u00a1<\/strong> <strong>Truca&#8217;ns, estarem encantats d&#8217;atendre&#8217;t!<\/strong><\/span><\/h3>\n<p>&nbsp;<\/p>\n<p>&nbsp;<\/p>\n","protected":false},"excerpt":{"rendered":"<p>Si est\u00e0s llegint aquest article potser \u00e9s perqu\u00e8 tens davant teu un despatx per decorar o moblar. Desde Business Centers et portem les \u00faltimes tend\u00e8ncies en decoraci\u00f3 d&#8217;espais professionals perqu\u00e8 li treguis el m\u00e0xim partit. La teva oficina o despatx ser\u00e0 la carta de presentaci\u00f3 de la teva empresa, una eina m\u00e9s de venda i [&hellip;]<\/p>\n","protected":false},"author":1,"featured_media":2299,"comment_status":"open","ping_status":"open","sticky":false,"template":"","format":"standard","meta":{"site-sidebar-layout":"default","site-content-layout":"default","ast-site-content-layout":"","site-content-style":"default","site-sidebar-style":"default","ast-global-header-display":"","ast-banner-title-visibility":"","ast-main-header-display":"","ast-hfb-above-header-display":"","ast-hfb-below-header-display":"","ast-hfb-mobile-header-display":"","site-post-title":"","ast-breadcrumbs-content":"","ast-featured-img":"","footer-sml-layout":"","theme-transparent-header-meta":"default","adv-header-id-meta":"","stick-header-meta":"","header-above-stick-meta":"","header-main-stick-meta":"","header-below-stick-meta":"","astra-migrate-meta-layouts":"default","ast-page-background-enabled":"default","ast-page-background-meta":{"desktop":{"background-color":"","background-image":"","background-repeat":"repeat","background-position":"center center","background-size":"auto","background-attachment":"scroll","background-type":"","background-media":"","overlay-type":"","overlay-color":"","overlay-gradient":""},"tablet":{"background-color":"","background-image":"","background-repeat":"repeat","background-position":"center center","background-size":"auto","background-attachment":"scroll","background-type":"","background-media":"","overlay-type":"","overlay-color":"","overlay-gradient":""},"mobile":{"background-color":"","background-image":"","background-repeat":"repeat","background-position":"center center","background-size":"auto","background-attachment":"scroll","background-type":"","background-media":"","overlay-type":"","overlay-color":"","overlay-gradient":""}},"ast-content-background-meta":{"desktop":{"background-color":"var(--ast-global-color-5)","background-image":"","background-repeat":"repeat","background-position":"center center","background-size":"auto","background-attachment":"scroll","background-type":"","background-media":"","overlay-type":"","overlay-color":"","overlay-gradient":""},"tablet":{"background-color":"var(--ast-global-color-5)","background-image":"","background-repeat":"repeat","background-position":"center center","background-size":"auto","background-attachment":"scroll","background-type":"","background-media":"","overlay-type":"","overlay-color":"","overlay-gradient":""},"mobile":{"background-color":"var(--ast-global-color-5)","background-image":"","background-repeat":"repeat","background-position":"center center","background-size":"auto","background-attachment":"scroll","background-type":"","background-media":"","overlay-type":"","overlay-color":"","overlay-gradient":""}},"_joinchat":[],"footnotes":""},"categories":[8],"tags":[76,93,95,96,94],"class_list":["post-2337","post","type-post","status-publish","format-standard","has-post-thumbnail","hentry","category-uncategorized-ca","tag-decorar-oficina-barcelona","tag-lloguer-de-coworking-moblat-barcelona","tag-decoracio-doficina","tag-despatxos-decorats-a-barcelona","tag-lloguer-despatx-moblat-a-barcelona"],"yoast_head":"<!-- This site is optimized with the Yoast SEO plugin v24.8.1 - https:\/\/yoast.com\/wordpress\/plugins\/seo\/ -->\n<title>5 tend\u00e8ncies per decorar un despatx professional<\/title>\n<meta name=\"description\" content=\"Les \u00faltimes tend\u00e8ncies en decoraci\u00f3 d&#039;espais professionals perqu\u00e8 li treguis el m\u00e0xim partit al teu despatx.\" \/>\n<meta name=\"robots\" content=\"index, follow, max-snippet:-1, max-image-preview:large, max-video-preview:-1\" \/>\n<link rel=\"canonical\" href=\"https:\/\/businesscenters.cat\/ca\/blog\/5-tendencies-per-decorar-un-despatx-professional\/\" \/>\n<meta property=\"og:locale\" content=\"ca_ES\" \/>\n<meta property=\"og:type\" content=\"article\" \/>\n<meta property=\"og:title\" content=\"5 tend\u00e8ncies per decorar un despatx professional\" \/>\n<meta property=\"og:description\" content=\"Les \u00faltimes tend\u00e8ncies en decoraci\u00f3 d&#039;espais professionals perqu\u00e8 li treguis el m\u00e0xim partit al teu despatx.\" \/>\n<meta property=\"og:url\" content=\"https:\/\/businesscenters.cat\/ca\/blog\/5-tendencies-per-decorar-un-despatx-professional\/\" \/>\n<meta property=\"og:site_name\" content=\"Business Centers Barcelona\" \/>\n<meta property=\"article:published_time\" content=\"2019-08-08T14:07:48+00:00\" \/>\n<meta property=\"article:modified_time\" content=\"2024-12-19T11:33:09+00:00\" \/>\n<meta property=\"og:image\" content=\"https:\/\/businesscenters.cat\/wp-content\/uploads\/2019\/08\/Untitled-design-5.jpg\" \/>\n\t<meta property=\"og:image:width\" content=\"800\" \/>\n\t<meta property=\"og:image:height\" content=\"500\" \/>\n\t<meta property=\"og:image:type\" content=\"image\/jpeg\" \/>\n<meta name=\"author\" content=\"admin\" \/>\n<meta name=\"twitter:card\" content=\"summary_large_image\" \/>\n<meta name=\"twitter:label1\" content=\"Escrit per\" \/>\n\t<meta name=\"twitter:data1\" content=\"admin\" \/>\n\t<meta name=\"twitter:label2\" content=\"Temps estimat de lectura\" \/>\n\t<meta name=\"twitter:data2\" content=\"6 minuts\" \/>\n<script type=\"application\/ld+json\" class=\"yoast-schema-graph\">{\"@context\":\"https:\/\/schema.org\",\"@graph\":[{\"@type\":\"Article\",\"@id\":\"https:\/\/businesscenters.cat\/ca\/blog\/5-tendencies-per-decorar-un-despatx-professional\/#article\",\"isPartOf\":{\"@id\":\"https:\/\/businesscenters.cat\/ca\/blog\/5-tendencies-per-decorar-un-despatx-professional\/\"},\"author\":{\"name\":\"admin\",\"@id\":\"https:\/\/businesscenters.cat\/ca\/#\/schema\/person\/c3a6287a8772b2bfa62dbb59b29854fd\"},\"headline\":\"5 tend\u00e8ncies per decorar un despatx professional\",\"datePublished\":\"2019-08-08T14:07:48+00:00\",\"dateModified\":\"2024-12-19T11:33:09+00:00\",\"mainEntityOfPage\":{\"@id\":\"https:\/\/businesscenters.cat\/ca\/blog\/5-tendencies-per-decorar-un-despatx-professional\/\"},\"wordCount\":1104,\"commentCount\":0,\"publisher\":{\"@id\":\"https:\/\/businesscenters.cat\/ca\/#organization\"},\"image\":{\"@id\":\"https:\/\/businesscenters.cat\/ca\/blog\/5-tendencies-per-decorar-un-despatx-professional\/#primaryimage\"},\"thumbnailUrl\":\"https:\/\/businesscenters.cat\/wp-content\/uploads\/2019\/08\/Untitled-design-5.jpg\",\"keywords\":[\"decorar oficina barcelona\",\"lloguer de coworking moblat barcelona\",\"\u200b\u200bdecoraci\u00f3 d'oficina\",\"\u200b\u200bdespatxos decorats a barcelona\",\"\u200b\u200blloguer despatx moblat a barcelona\"],\"articleSection\":[\"Uncategorized @ca\"],\"inLanguage\":\"ca\",\"potentialAction\":[{\"@type\":\"CommentAction\",\"name\":\"Comment\",\"target\":[\"https:\/\/businesscenters.cat\/ca\/blog\/5-tendencies-per-decorar-un-despatx-professional\/#respond\"]}]},{\"@type\":\"WebPage\",\"@id\":\"https:\/\/businesscenters.cat\/ca\/blog\/5-tendencies-per-decorar-un-despatx-professional\/\",\"url\":\"https:\/\/businesscenters.cat\/ca\/blog\/5-tendencies-per-decorar-un-despatx-professional\/\",\"name\":\"5 tend\u00e8ncies per decorar un despatx professional\",\"isPartOf\":{\"@id\":\"https:\/\/businesscenters.cat\/ca\/#website\"},\"primaryImageOfPage\":{\"@id\":\"https:\/\/businesscenters.cat\/ca\/blog\/5-tendencies-per-decorar-un-despatx-professional\/#primaryimage\"},\"image\":{\"@id\":\"https:\/\/businesscenters.cat\/ca\/blog\/5-tendencies-per-decorar-un-despatx-professional\/#primaryimage\"},\"thumbnailUrl\":\"https:\/\/businesscenters.cat\/wp-content\/uploads\/2019\/08\/Untitled-design-5.jpg\",\"datePublished\":\"2019-08-08T14:07:48+00:00\",\"dateModified\":\"2024-12-19T11:33:09+00:00\",\"description\":\"Les \u00faltimes tend\u00e8ncies en decoraci\u00f3 d'espais professionals perqu\u00e8 li treguis el m\u00e0xim partit al teu despatx.\",\"breadcrumb\":{\"@id\":\"https:\/\/businesscenters.cat\/ca\/blog\/5-tendencies-per-decorar-un-despatx-professional\/#breadcrumb\"},\"inLanguage\":\"ca\",\"potentialAction\":[{\"@type\":\"ReadAction\",\"target\":[\"https:\/\/businesscenters.cat\/ca\/blog\/5-tendencies-per-decorar-un-despatx-professional\/\"]}]},{\"@type\":\"ImageObject\",\"inLanguage\":\"ca\",\"@id\":\"https:\/\/businesscenters.cat\/ca\/blog\/5-tendencies-per-decorar-un-despatx-professional\/#primaryimage\",\"url\":\"https:\/\/businesscenters.cat\/wp-content\/uploads\/2019\/08\/Untitled-design-5.jpg\",\"contentUrl\":\"https:\/\/businesscenters.cat\/wp-content\/uploads\/2019\/08\/Untitled-design-5.jpg\",\"width\":800,\"height\":500,\"caption\":\"coworking barcelona\"},{\"@type\":\"BreadcrumbList\",\"@id\":\"https:\/\/businesscenters.cat\/ca\/blog\/5-tendencies-per-decorar-un-despatx-professional\/#breadcrumb\",\"itemListElement\":[{\"@type\":\"ListItem\",\"position\":1,\"name\":\"Portada\",\"item\":\"https:\/\/businesscenters.cat\/ca\/\"},{\"@type\":\"ListItem\",\"position\":2,\"name\":\"5 tend\u00e8ncies per decorar un despatx professional\"}]},{\"@type\":\"WebSite\",\"@id\":\"https:\/\/businesscenters.cat\/ca\/#website\",\"url\":\"https:\/\/businesscenters.cat\/ca\/\",\"name\":\"Business Centers Barcelona\",\"description\":\"Alquiler de oficinas, despachos y coworking en el centro de Barcelona\",\"publisher\":{\"@id\":\"https:\/\/businesscenters.cat\/ca\/#organization\"},\"potentialAction\":[{\"@type\":\"SearchAction\",\"target\":{\"@type\":\"EntryPoint\",\"urlTemplate\":\"https:\/\/businesscenters.cat\/ca\/?s={search_term_string}\"},\"query-input\":{\"@type\":\"PropertyValueSpecification\",\"valueRequired\":true,\"valueName\":\"search_term_string\"}}],\"inLanguage\":\"ca\"},{\"@type\":\"Organization\",\"@id\":\"https:\/\/businesscenters.cat\/ca\/#organization\",\"name\":\"Business Centers Barcelona\",\"url\":\"https:\/\/businesscenters.cat\/ca\/\",\"logo\":{\"@type\":\"ImageObject\",\"inLanguage\":\"ca\",\"@id\":\"https:\/\/businesscenters.cat\/ca\/#\/schema\/logo\/image\/\",\"url\":\"https:\/\/businesscenters.cat\/wp-content\/uploads\/2018\/09\/business-logo-w.png\",\"contentUrl\":\"https:\/\/businesscenters.cat\/wp-content\/uploads\/2018\/09\/business-logo-w.png\",\"width\":250,\"height\":105,\"caption\":\"Business Centers Barcelona\"},\"image\":{\"@id\":\"https:\/\/businesscenters.cat\/ca\/#\/schema\/logo\/image\/\"}},{\"@type\":\"Person\",\"@id\":\"https:\/\/businesscenters.cat\/ca\/#\/schema\/person\/c3a6287a8772b2bfa62dbb59b29854fd\",\"name\":\"admin\",\"image\":{\"@type\":\"ImageObject\",\"inLanguage\":\"ca\",\"@id\":\"https:\/\/businesscenters.cat\/ca\/#\/schema\/person\/image\/\",\"url\":\"https:\/\/secure.gravatar.com\/avatar\/f2f0cbea46c11178f634415d0225b67a?s=96&d=mm&r=g\",\"contentUrl\":\"https:\/\/secure.gravatar.com\/avatar\/f2f0cbea46c11178f634415d0225b67a?s=96&d=mm&r=g\",\"caption\":\"admin\"},\"url\":\"https:\/\/businesscenters.cat\/ca\/blog\/author\/administrador_ljiegyza\/\"}]}<\/script>\n<!-- \/ Yoast SEO plugin. -->","yoast_head_json":{"title":"5 tend\u00e8ncies per decorar un despatx professional","description":"Les \u00faltimes tend\u00e8ncies en decoraci\u00f3 d'espais professionals perqu\u00e8 li treguis el m\u00e0xim partit al teu despatx.","robots":{"index":"index","follow":"follow","max-snippet":"max-snippet:-1","max-image-preview":"max-image-preview:large","max-video-preview":"max-video-preview:-1"},"canonical":"https:\/\/businesscenters.cat\/ca\/blog\/5-tendencies-per-decorar-un-despatx-professional\/","og_locale":"ca_ES","og_type":"article","og_title":"5 tend\u00e8ncies per decorar un despatx professional","og_description":"Les \u00faltimes tend\u00e8ncies en decoraci\u00f3 d'espais professionals perqu\u00e8 li treguis el m\u00e0xim partit al teu despatx.","og_url":"https:\/\/businesscenters.cat\/ca\/blog\/5-tendencies-per-decorar-un-despatx-professional\/","og_site_name":"Business Centers Barcelona","article_published_time":"2019-08-08T14:07:48+00:00","article_modified_time":"2024-12-19T11:33:09+00:00","og_image":[{"width":800,"height":500,"url":"https:\/\/businesscenters.cat\/wp-content\/uploads\/2019\/08\/Untitled-design-5.jpg","type":"image\/jpeg"}],"author":"admin","twitter_card":"summary_large_image","twitter_misc":{"Escrit per":"admin","Temps estimat de lectura":"6 minuts"},"schema":{"@context":"https:\/\/schema.org","@graph":[{"@type":"Article","@id":"https:\/\/businesscenters.cat\/ca\/blog\/5-tendencies-per-decorar-un-despatx-professional\/#article","isPartOf":{"@id":"https:\/\/businesscenters.cat\/ca\/blog\/5-tendencies-per-decorar-un-despatx-professional\/"},"author":{"name":"admin","@id":"https:\/\/businesscenters.cat\/ca\/#\/schema\/person\/c3a6287a8772b2bfa62dbb59b29854fd"},"headline":"5 tend\u00e8ncies per decorar un despatx professional","datePublished":"2019-08-08T14:07:48+00:00","dateModified":"2024-12-19T11:33:09+00:00","mainEntityOfPage":{"@id":"https:\/\/businesscenters.cat\/ca\/blog\/5-tendencies-per-decorar-un-despatx-professional\/"},"wordCount":1104,"commentCount":0,"publisher":{"@id":"https:\/\/businesscenters.cat\/ca\/#organization"},"image":{"@id":"https:\/\/businesscenters.cat\/ca\/blog\/5-tendencies-per-decorar-un-despatx-professional\/#primaryimage"},"thumbnailUrl":"https:\/\/businesscenters.cat\/wp-content\/uploads\/2019\/08\/Untitled-design-5.jpg","keywords":["decorar oficina barcelona","lloguer de coworking moblat barcelona","\u200b\u200bdecoraci\u00f3 d'oficina","\u200b\u200bdespatxos decorats a barcelona","\u200b\u200blloguer despatx moblat a barcelona"],"articleSection":["Uncategorized @ca"],"inLanguage":"ca","potentialAction":[{"@type":"CommentAction","name":"Comment","target":["https:\/\/businesscenters.cat\/ca\/blog\/5-tendencies-per-decorar-un-despatx-professional\/#respond"]}]},{"@type":"WebPage","@id":"https:\/\/businesscenters.cat\/ca\/blog\/5-tendencies-per-decorar-un-despatx-professional\/","url":"https:\/\/businesscenters.cat\/ca\/blog\/5-tendencies-per-decorar-un-despatx-professional\/","name":"5 tend\u00e8ncies per decorar un despatx professional","isPartOf":{"@id":"https:\/\/businesscenters.cat\/ca\/#website"},"primaryImageOfPage":{"@id":"https:\/\/businesscenters.cat\/ca\/blog\/5-tendencies-per-decorar-un-despatx-professional\/#primaryimage"},"image":{"@id":"https:\/\/businesscenters.cat\/ca\/blog\/5-tendencies-per-decorar-un-despatx-professional\/#primaryimage"},"thumbnailUrl":"https:\/\/businesscenters.cat\/wp-content\/uploads\/2019\/08\/Untitled-design-5.jpg","datePublished":"2019-08-08T14:07:48+00:00","dateModified":"2024-12-19T11:33:09+00:00","description":"Les \u00faltimes tend\u00e8ncies en decoraci\u00f3 d'espais professionals perqu\u00e8 li treguis el m\u00e0xim partit al teu despatx.","breadcrumb":{"@id":"https:\/\/businesscenters.cat\/ca\/blog\/5-tendencies-per-decorar-un-despatx-professional\/#breadcrumb"},"inLanguage":"ca","potentialAction":[{"@type":"ReadAction","target":["https:\/\/businesscenters.cat\/ca\/blog\/5-tendencies-per-decorar-un-despatx-professional\/"]}]},{"@type":"ImageObject","inLanguage":"ca","@id":"https:\/\/businesscenters.cat\/ca\/blog\/5-tendencies-per-decorar-un-despatx-professional\/#primaryimage","url":"https:\/\/businesscenters.cat\/wp-content\/uploads\/2019\/08\/Untitled-design-5.jpg","contentUrl":"https:\/\/businesscenters.cat\/wp-content\/uploads\/2019\/08\/Untitled-design-5.jpg","width":800,"height":500,"caption":"coworking barcelona"},{"@type":"BreadcrumbList","@id":"https:\/\/businesscenters.cat\/ca\/blog\/5-tendencies-per-decorar-un-despatx-professional\/#breadcrumb","itemListElement":[{"@type":"ListItem","position":1,"name":"Portada","item":"https:\/\/businesscenters.cat\/ca\/"},{"@type":"ListItem","position":2,"name":"5 tend\u00e8ncies per decorar un despatx professional"}]},{"@type":"WebSite","@id":"https:\/\/businesscenters.cat\/ca\/#website","url":"https:\/\/businesscenters.cat\/ca\/","name":"Business Centers Barcelona","description":"Alquiler de oficinas, despachos y coworking en el centro de Barcelona","publisher":{"@id":"https:\/\/businesscenters.cat\/ca\/#organization"},"potentialAction":[{"@type":"SearchAction","target":{"@type":"EntryPoint","urlTemplate":"https:\/\/businesscenters.cat\/ca\/?s={search_term_string}"},"query-input":{"@type":"PropertyValueSpecification","valueRequired":true,"valueName":"search_term_string"}}],"inLanguage":"ca"},{"@type":"Organization","@id":"https:\/\/businesscenters.cat\/ca\/#organization","name":"Business Centers Barcelona","url":"https:\/\/businesscenters.cat\/ca\/","logo":{"@type":"ImageObject","inLanguage":"ca","@id":"https:\/\/businesscenters.cat\/ca\/#\/schema\/logo\/image\/","url":"https:\/\/businesscenters.cat\/wp-content\/uploads\/2018\/09\/business-logo-w.png","contentUrl":"https:\/\/businesscenters.cat\/wp-content\/uploads\/2018\/09\/business-logo-w.png","width":250,"height":105,"caption":"Business Centers Barcelona"},"image":{"@id":"https:\/\/businesscenters.cat\/ca\/#\/schema\/logo\/image\/"}},{"@type":"Person","@id":"https:\/\/businesscenters.cat\/ca\/#\/schema\/person\/c3a6287a8772b2bfa62dbb59b29854fd","name":"admin","image":{"@type":"ImageObject","inLanguage":"ca","@id":"https:\/\/businesscenters.cat\/ca\/#\/schema\/person\/image\/","url":"https:\/\/secure.gravatar.com\/avatar\/f2f0cbea46c11178f634415d0225b67a?s=96&d=mm&r=g","contentUrl":"https:\/\/secure.gravatar.com\/avatar\/f2f0cbea46c11178f634415d0225b67a?s=96&d=mm&r=g","caption":"admin"},"url":"https:\/\/businesscenters.cat\/ca\/blog\/author\/administrador_ljiegyza\/"}]}},"_links":{"self":[{"href":"https:\/\/businesscenters.cat\/ca\/wp-json\/wp\/v2\/posts\/2337","targetHints":{"allow":["GET"]}}],"collection":[{"href":"https:\/\/businesscenters.cat\/ca\/wp-json\/wp\/v2\/posts"}],"about":[{"href":"https:\/\/businesscenters.cat\/ca\/wp-json\/wp\/v2\/types\/post"}],"author":[{"embeddable":true,"href":"https:\/\/businesscenters.cat\/ca\/wp-json\/wp\/v2\/users\/1"}],"replies":[{"embeddable":true,"href":"https:\/\/businesscenters.cat\/ca\/wp-json\/wp\/v2\/comments?post=2337"}],"version-history":[{"count":0,"href":"https:\/\/businesscenters.cat\/ca\/wp-json\/wp\/v2\/posts\/2337\/revisions"}],"wp:featuredmedia":[{"embeddable":true,"href":"https:\/\/businesscenters.cat\/ca\/wp-json\/wp\/v2\/media\/2299"}],"wp:attachment":[{"href":"https:\/\/businesscenters.cat\/ca\/wp-json\/wp\/v2\/media?parent=2337"}],"wp:term":[{"taxonomy":"category","embeddable":true,"href":"https:\/\/businesscenters.cat\/ca\/wp-json\/wp\/v2\/categories?post=2337"},{"taxonomy":"post_tag","embeddable":true,"href":"https:\/\/businesscenters.cat\/ca\/wp-json\/wp\/v2\/tags?post=2337"}],"curies":[{"name":"wp","href":"https:\/\/api.w.org\/{rel}","templated":true}]}}