{"id":7778,"date":"2024-05-13T10:00:28","date_gmt":"2024-05-13T08:00:28","guid":{"rendered":"https:\/\/businesscenters.cat\/?p=7778"},"modified":"2025-01-13T11:00:26","modified_gmt":"2025-01-13T10:00:26","slug":"centres-de-bellesa-a-passeig-de-gracia-barcelona","status":"publish","type":"post","link":"https:\/\/businesscenters.cat\/ca\/blog\/centres-de-bellesa-a-passeig-de-gracia-barcelona\/","title":{"rendered":"Centres de bellesa a Passeig de Gr\u00e0cia, Barcelona"},"content":{"rendered":"<p>Explora el <a href=\"https:\/\/businesscenters.cat\/ca\/ubicacion\/centre-negocis-paseo-de-gracia\/\">Passeig de Gr\u00e0cia<\/a> a Barcelona i deixa&#8217;t captivar per una \u00e0mplia gamma de centres de bellesa que ofereixen serveis de primer nivell. Des de tractaments facials fins a serveis de depilaci\u00f3 l\u00e0ser i talls de cabell d&#8217;avantguarda, aquest districte \u00e9s l&#8217;epicentre del luxe i la innovaci\u00f3 en el m\u00f3n de l&#8217;est\u00e8tica.<\/p>\n<p>En aquest article, et guiarem a trav\u00e9s d&#8217;alguns dels m\u00e9s destacats, on l&#8217;excel\u00b7l\u00e8ncia i la personalitzaci\u00f3 es fusionen per a oferir-te una experi\u00e8ncia \u00fanica de bellesa i benestar.<\/p>\n<h2>Les millors perruqueries de passeig de gr\u00e0cia<\/h2>\n<p><strong>Iranzo<\/strong><\/p>\n<p>Quan es tracta de trobar un refugi on la bellesa i el benestar es fusionen en una <strong>experi\u00e8ncia \u00fanica<\/strong>, Iranzo emergeix com una veritable joia en el cor de Passeig de Gr\u00e0cia. Aquest ic\u00f2nic centre de bellesa no sols ofereix una \u00e0mplia gamma de serveis, que van des dels talls de cabell m\u00e9s funcionals fins a un complet assessorament d&#8217;imatge global, sin\u00f3 que tamb\u00e9 \u00e9s conegut pel seu incomparable enfocament en la personalitzaci\u00f3 i la meticulosa atenci\u00f3 al detall.<\/p>\n<p>A Iranzo, cada detall \u00e9s rebut amb una cura excepcional i un tracte exclusiu, els experts estilistes i esteticistes es dediquen a comprendre les <strong>necessitats i desitjos<\/strong> individuals de cada persona, creant aix\u00ed una experi\u00e8ncia veritablement personalitzada que ressalta la seva bellesa natural i millora la seva confian\u00e7a en si mateixa. Des de la primera consulta fins a l&#8217;\u00faltim retoc, l&#8217;equip d&#8217;Iranzo s&#8217;esfor\u00e7a per superar les expectatives, assegurant-se que cada visita sigui memorable i gratificant.<\/p>\n<p>A Corcega Business Centers oferim lloguer de <a href=\"https:\/\/businesscenters.cat\/ca\/serveis\/sales-reunions-barcelona\/\">sala de reunions<\/a> per a fer de les teves reunions un \u00e8xit.<\/p>\n<p><strong>Sal\u00f3 Toro<\/strong><\/p>\n<p>A Sal\u00f3 Toro, l&#8217;experi\u00e8ncia i el professionalisme s\u00f3n la <strong>clau de l&#8217;\u00e8xit<\/strong>, amb m\u00e9s de dues d\u00e8cades de traject\u00f2ria en el m\u00f3n de l&#8217;estilisme, el seu equip ha perfeccionat l&#8217;art de real\u00e7ar la bellesa dels seus clients. Cada membre de l&#8217;equip est\u00e0 altament qualificat i es troba en constant formaci\u00f3 per a estar al dia amb les \u00faltimes tend\u00e8ncies i t\u00e8cniques del sector.<\/p>\n<p>El seu comprom\u00eds amb l&#8217;excel\u00b7l\u00e8ncia es reflecteix en cada aspecte del seu servei, des de la qualitat dels seus productes fins a l&#8217;atenci\u00f3 personalitzada que brinden a cada client. S\u00f3n reconeguts com el <strong>dest\u00ed idea<\/strong>l per a aquells que busquen resultats excepcionals en un entorn de luxe i comoditat. La satisfacci\u00f3 del client \u00e9s la seva prioritat n\u00famero u, i treballen incasablemente per a garantir que surtin de les seves instal\u00b7lacions sentint-se radiants i renovats.<\/p>\n<p><img fetchpriority=\"high\" decoding=\"async\" class=\"wp-image-7772 aligncenter\" src=\"https:\/\/businesscenters.cat\/wp-content\/uploads\/2024\/05\/salon-toro-paseo-de-gracia--300x188.jpg\" alt=\"salon toro paseo de gracia\" width=\"570\" height=\"357\" srcset=\"https:\/\/businesscenters.cat\/wp-content\/uploads\/2024\/05\/salon-toro-paseo-de-gracia--300x188.jpg 300w, https:\/\/businesscenters.cat\/wp-content\/uploads\/2024\/05\/salon-toro-paseo-de-gracia--768x480.jpg 768w, https:\/\/businesscenters.cat\/wp-content\/uploads\/2024\/05\/salon-toro-paseo-de-gracia-.jpg 800w\" sizes=\"(max-width: 570px) 100vw, 570px\" \/><\/p>\n<p><strong>Virgola Milano Blow HCF<\/strong><\/p>\n<p>A la recerca d&#8217;un canvi d&#8217;imatge que et faci sentir completament renovat i rejovenit? Virgola Mil\u00e0 Blow HCF \u00e9s l&#8217;oasi de bellesa perfecte. Amb un equip d&#8217;estilistes <strong>altament capacitats<\/strong> i una \u00e0mplia gamma de productes de primera qualitat, aquest sal\u00f3 t&#8217;ofereix molt m\u00e9s que una simple sessi\u00f3 de perruqueria.<\/p>\n<p>Des de la sofisticaci\u00f3 del balayage fins als tractaments d&#8217;hidrataci\u00f3 profunda m\u00e9s indulgents, cada servei en Virgola Mil\u00e0 Blow HCF est\u00e0 meticulosament dissenyat per a real\u00e7ar la teva bellesa natural i <strong>destacar el teu individual<\/strong>. Submergeix-te en un m\u00f3n de colors vibrants, talls elegants i estils innovadors mentre el seu talent\u00f3s equip treballa la seva m\u00e0gia per a transformar el teu cabell en una obra mestra d&#8217;estil i sofisticaci\u00f3.<\/p>\n<h2>Els millors centres est\u00e8tics de Passeig de Gr\u00e0cia<\/h2>\n<p>Explora una selecci\u00f3 dels millors centres d&#8217;est\u00e8tica a Passeig de Gr\u00e0cia, on el benestar i la bellesa es troben per a oferir-te una experi\u00e8ncia rejovenidora i revitalitzant.<\/p>\n<p><strong>Brazilian Bodi Care<\/strong><\/p>\n<p>Situat en el cor de Passeig de Gr\u00e0cia, Brazilian Bodi Care emergeix com un oasi de bellesa i benestar enmig de la bull\u00edcia urbana de Barcelona. M\u00e9s que un simple centre d&#8217;est\u00e8tica \u00e9s el resultat d&#8217;una acurada fusi\u00f3 entre <strong>l&#8217;exuber\u00e0ncia i el natural<\/strong> del Brasil i la sofisticaci\u00f3 cosm\u00e8tica de Fran\u00e7a.<\/p>\n<p>Endinsar-se en aquest centre \u00e9s submergir-se en un m\u00f3n d&#8217;indulg\u00e8ncia i cura personalitzada, les t\u00e8cniques ancestrals s&#8217;entrellacen amb els \u00faltims avan\u00e7os en cura de la pell, creant aix\u00ed una sinergia \u00fanica que garanteix resultats excepcionals, des de tractaments corporals que revitalitzen i rejoveneixen fins a facials personalitzats que ressalten la bellesa natural de cada individu, cada servei est\u00e0 imbu\u00eft amb un <strong>comprom\u00eds indestructible<\/strong> amb l&#8217;excel\u00b7l\u00e8ncia i la satisfacci\u00f3 del client.<\/p>\n<p>Consulta els nostres serveis de <a href=\"https:\/\/businesscenters.cat\/ca\/serveis\/domiciliacio-societats-barcelona\/\">domiciliaci\u00f3 de societats<\/a>.<\/p>\n<p><strong>Dermitek Barcelona <\/strong><\/p>\n<p>\u00c9s un veritable far d&#8217;innovaci\u00f3 en l&#8217;\u00e0mbit de la medicina est\u00e8tica i la depilaci\u00f3 l\u00e0ser, s&#8217;erigeix com un monument a l&#8217;excel\u00b7l\u00e8ncia a la ciutat comtal. El que distingeix a Dermitek Barcelona \u00e9s el seu equip m\u00e8dic, una elit de professionals de renom internacional que lideren el cam\u00ed en les \u00faltimes innovacions i t\u00e8cniques en medicina est\u00e8tica. Recolzats per anys d&#8217;experi\u00e8ncia i formaci\u00f3 continuada, aquests experts garanteixen <strong>resultats excepcionals<\/strong> i assegurances en cada tractament realitzat.<\/p>\n<p>Des de la depilaci\u00f3 l\u00e0ser fins als procediments de cirurgia est\u00e8tica m\u00e9s avan\u00e7ats, Dermitek Barcelona abasta una \u00e0mplia gamma de serveis, sempre amb un enfocament centrat en la seguretat, l&#8217;efic\u00e0cia i, sobretot, la <strong>satisfacci\u00f3 del client<\/strong>.<\/p>\n<p><strong>Cl\u00ednica Toscana<\/strong><\/p>\n<p>Dins de les seves elegants instal\u00b7lacions, els pacients s\u00f3n rebuts per un equip d&#8217;especialistes altament capacitats, el coneixement i l&#8217;experi\u00e8ncia dels quals es combina amb les <strong>tecnologies m\u00e9s avan\u00e7ades<\/strong> disponibles en el mercat, des de rejoveniment facial fins a remodelaci\u00f3 corporal, cada procediment \u00e9s dut a terme amb precisi\u00f3 i cura, amb l&#8217;objectiu de proporcionar resultats excepcionals i duradors.<\/p>\n<p>A la <strong>Cl\u00ednica Toscana<\/strong>, l&#8217;atenci\u00f3 personalitzada \u00e9s una prioritat, i cada pacient rep un pla de tractament adaptat a les seves necessitats individuals i els seus objectius est\u00e8tics. A m\u00e9s, el centre s&#8217;esfor\u00e7a per mantenir-se a l&#8217;avantguarda dels avan\u00e7os en medicina est\u00e8tica, assegurant aix\u00ed que els seus pacients tinguin acc\u00e9s a les \u00faltimes innovacions en el camp.<\/p>\n<p><img decoding=\"async\" class=\"wp-image-7775 aligncenter\" src=\"https:\/\/businesscenters.cat\/wp-content\/uploads\/2024\/05\/clinica-toscana-paseo-de-gracia-300x188.jpg\" alt=\"clinica toscana paseo de gracia\" width=\"570\" height=\"357\" srcset=\"https:\/\/businesscenters.cat\/wp-content\/uploads\/2024\/05\/clinica-toscana-paseo-de-gracia-300x188.jpg 300w, https:\/\/businesscenters.cat\/wp-content\/uploads\/2024\/05\/clinica-toscana-paseo-de-gracia-768x480.jpg 768w, https:\/\/businesscenters.cat\/wp-content\/uploads\/2024\/05\/clinica-toscana-paseo-de-gracia.jpg 800w\" sizes=\"(max-width: 570px) 100vw, 570px\" \/><\/p>\n<h2>Ubicaci\u00f3 privilegiada al Passeig de Gr\u00e0cia<\/h2>\n<p>Corcega Business Centers ofereix un entorn de treball exclusiu i sofisticat en el cor de Barcelona. Amb instal\u00b7lacions modernes i serveis d&#8217;alta qualitat, aquest centre de negocis brinda als seus clients l&#8217;oportunitat de treballar en un ambient inspirador i professional.<\/p>\n<p>Amb una ubicaci\u00f3 privilegiada prop dels millors centres de bellesa de la ciutat, <strong>Corcega Business Centers<\/strong> \u00e9s l&#8217;elecci\u00f3 perfecta per a aquells que busquen combinar treball i benestar en un sol lloc.<\/p>\n","protected":false},"excerpt":{"rendered":"<p>Explora el Passeig de Gr\u00e0cia a Barcelona i deixa&#8217;t captivar per una \u00e0mplia gamma de centres de bellesa que ofereixen serveis de primer nivell. Des de tractaments facials fins a serveis de depilaci\u00f3 l\u00e0ser i talls de cabell d&#8217;avantguarda, aquest districte \u00e9s l&#8217;epicentre del luxe i la innovaci\u00f3 en el m\u00f3n de l&#8217;est\u00e8tica. En aquest [&hellip;]<\/p>\n","protected":false},"author":9,"featured_media":7769,"comment_status":"open","ping_status":"open","sticky":false,"template":"","format":"standard","meta":{"site-sidebar-layout":"default","site-content-layout":"","ast-site-content-layout":"default","site-content-style":"default","site-sidebar-style":"default","ast-global-header-display":"","ast-banner-title-visibility":"","ast-main-header-display":"","ast-hfb-above-header-display":"","ast-hfb-below-header-display":"","ast-hfb-mobile-header-display":"","site-post-title":"","ast-breadcrumbs-content":"","ast-featured-img":"","footer-sml-layout":"","theme-transparent-header-meta":"default","adv-header-id-meta":"","stick-header-meta":"","header-above-stick-meta":"","header-main-stick-meta":"","header-below-stick-meta":"","astra-migrate-meta-layouts":"set","ast-page-background-enabled":"default","ast-page-background-meta":{"desktop":{"background-color":"","background-image":"","background-repeat":"repeat","background-position":"center center","background-size":"auto","background-attachment":"scroll","background-type":"","background-media":"","overlay-type":"","overlay-color":"","overlay-gradient":""},"tablet":{"background-color":"","background-image":"","background-repeat":"repeat","background-position":"center center","background-size":"auto","background-attachment":"scroll","background-type":"","background-media":"","overlay-type":"","overlay-color":"","overlay-gradient":""},"mobile":{"background-color":"","background-image":"","background-repeat":"repeat","background-position":"center center","background-size":"auto","background-attachment":"scroll","background-type":"","background-media":"","overlay-type":"","overlay-color":"","overlay-gradient":""}},"ast-content-background-meta":{"desktop":{"background-color":"var(--ast-global-color-5)","background-image":"","background-repeat":"repeat","background-position":"center center","background-size":"auto","background-attachment":"scroll","background-type":"","background-media":"","overlay-type":"","overlay-color":"","overlay-gradient":""},"tablet":{"background-color":"var(--ast-global-color-5)","background-image":"","background-repeat":"repeat","background-position":"center center","background-size":"auto","background-attachment":"scroll","background-type":"","background-media":"","overlay-type":"","overlay-color":"","overlay-gradient":""},"mobile":{"background-color":"var(--ast-global-color-5)","background-image":"","background-repeat":"repeat","background-position":"center center","background-size":"auto","background-attachment":"scroll","background-type":"","background-media":"","overlay-type":"","overlay-color":"","overlay-gradient":""}},"_joinchat":[],"footnotes":""},"categories":[8],"tags":[219,274,218,256,278,307,275,221,276,103],"class_list":["post-7778","post","type-post","status-publish","format-standard","has-post-thumbnail","hentry","category-uncategorized-ca","tag-abogados-barcelona-ca","tag-abogados-en-gracia-barcelona-ca","tag-advocat-a-baracelona-ca","tag-alquiler-de-coworking-amueblado-barcelona-ca","tag-alquiler-despachos-grandes-en-barcelona-ca","tag-barcelona-ca-2","tag-barcelona-ciutat-innovadora-ca","tag-business-center-barcelona-ca","tag-business-centers-barcelona-ca","tag-carrer-corsega"],"yoast_head":"<!-- This site is optimized with the Yoast SEO plugin v24.8.1 - https:\/\/yoast.com\/wordpress\/plugins\/seo\/ -->\n<title>Centres de bellesa a Passeig de Gr\u00e0cia, Barcelona<\/title>\n<meta name=\"description\" content=\"Centres de bellesa a Passeig de Gr\u00e0cia, Barcelona. Talls de cabell d&#039;avantguarda i tractaments facials personalitzats al cor de la ciutat.\" \/>\n<meta name=\"robots\" content=\"index, follow, max-snippet:-1, max-image-preview:large, max-video-preview:-1\" \/>\n<link rel=\"canonical\" href=\"https:\/\/businesscenters.cat\/ca\/blog\/centres-de-bellesa-a-passeig-de-gracia-barcelona\/\" \/>\n<meta property=\"og:locale\" content=\"ca_ES\" \/>\n<meta property=\"og:type\" content=\"article\" \/>\n<meta property=\"og:title\" content=\"Centres de bellesa a Passeig de Gr\u00e0cia, Barcelona\" \/>\n<meta property=\"og:description\" content=\"Centres de bellesa a Passeig de Gr\u00e0cia, Barcelona. Talls de cabell d&#039;avantguarda i tractaments facials personalitzats al cor de la ciutat.\" \/>\n<meta property=\"og:url\" content=\"https:\/\/businesscenters.cat\/ca\/blog\/centres-de-bellesa-a-passeig-de-gracia-barcelona\/\" \/>\n<meta property=\"og:site_name\" content=\"Business Centers Barcelona\" \/>\n<meta property=\"article:published_time\" content=\"2024-05-13T08:00:28+00:00\" \/>\n<meta property=\"article:modified_time\" content=\"2025-01-13T10:00:26+00:00\" \/>\n<meta property=\"og:image\" content=\"https:\/\/businesscenters.cat\/wp-content\/uploads\/2024\/05\/centros-de-belleza-en-paseo-de-gracia-.jpg\" \/>\n\t<meta property=\"og:image:width\" content=\"1140\" \/>\n\t<meta property=\"og:image:height\" content=\"642\" \/>\n\t<meta property=\"og:image:type\" content=\"image\/jpeg\" \/>\n<meta name=\"author\" content=\"Amaya Morlans\" \/>\n<meta name=\"twitter:card\" content=\"summary_large_image\" \/>\n<meta name=\"twitter:label1\" content=\"Escrit per\" \/>\n\t<meta name=\"twitter:data1\" content=\"Amaya Morlans\" \/>\n\t<meta name=\"twitter:label2\" content=\"Temps estimat de lectura\" \/>\n\t<meta name=\"twitter:data2\" content=\"6 minuts\" \/>\n<script type=\"application\/ld+json\" class=\"yoast-schema-graph\">{\"@context\":\"https:\/\/schema.org\",\"@graph\":[{\"@type\":\"Article\",\"@id\":\"https:\/\/businesscenters.cat\/ca\/blog\/centres-de-bellesa-a-passeig-de-gracia-barcelona\/#article\",\"isPartOf\":{\"@id\":\"https:\/\/businesscenters.cat\/ca\/blog\/centres-de-bellesa-a-passeig-de-gracia-barcelona\/\"},\"author\":{\"name\":\"Amaya Morlans\",\"@id\":\"https:\/\/businesscenters.cat\/ca\/#\/schema\/person\/603ecda97c8f0947e116a2b7f86eaa66\"},\"headline\":\"Centres de bellesa a Passeig de Gr\u00e0cia, Barcelona\",\"datePublished\":\"2024-05-13T08:00:28+00:00\",\"dateModified\":\"2025-01-13T10:00:26+00:00\",\"mainEntityOfPage\":{\"@id\":\"https:\/\/businesscenters.cat\/ca\/blog\/centres-de-bellesa-a-passeig-de-gracia-barcelona\/\"},\"wordCount\":1141,\"commentCount\":0,\"publisher\":{\"@id\":\"https:\/\/businesscenters.cat\/ca\/#organization\"},\"image\":{\"@id\":\"https:\/\/businesscenters.cat\/ca\/blog\/centres-de-bellesa-a-passeig-de-gracia-barcelona\/#primaryimage\"},\"thumbnailUrl\":\"https:\/\/businesscenters.cat\/wp-content\/uploads\/2024\/05\/centros-de-belleza-en-paseo-de-gracia-.jpg\",\"keywords\":[\"abogados Barcelona\",\"abogados en gracia barcelona\",\"advocat a baracelona\",\"alquiler de coworking amueblado barcelona\",\"alquiler despachos grandes en barcelona\",\"Barcelona\",\"Barcelona ciutat innovadora\",\"business center barcelona\",\"business centers barcelona\",\"Carrer C\u00f2rsega\"],\"articleSection\":[\"Uncategorized @ca\"],\"inLanguage\":\"ca\",\"potentialAction\":[{\"@type\":\"CommentAction\",\"name\":\"Comment\",\"target\":[\"https:\/\/businesscenters.cat\/ca\/blog\/centres-de-bellesa-a-passeig-de-gracia-barcelona\/#respond\"]}]},{\"@type\":\"WebPage\",\"@id\":\"https:\/\/businesscenters.cat\/ca\/blog\/centres-de-bellesa-a-passeig-de-gracia-barcelona\/\",\"url\":\"https:\/\/businesscenters.cat\/ca\/blog\/centres-de-bellesa-a-passeig-de-gracia-barcelona\/\",\"name\":\"Centres de bellesa a Passeig de Gr\u00e0cia, Barcelona\",\"isPartOf\":{\"@id\":\"https:\/\/businesscenters.cat\/ca\/#website\"},\"primaryImageOfPage\":{\"@id\":\"https:\/\/businesscenters.cat\/ca\/blog\/centres-de-bellesa-a-passeig-de-gracia-barcelona\/#primaryimage\"},\"image\":{\"@id\":\"https:\/\/businesscenters.cat\/ca\/blog\/centres-de-bellesa-a-passeig-de-gracia-barcelona\/#primaryimage\"},\"thumbnailUrl\":\"https:\/\/businesscenters.cat\/wp-content\/uploads\/2024\/05\/centros-de-belleza-en-paseo-de-gracia-.jpg\",\"datePublished\":\"2024-05-13T08:00:28+00:00\",\"dateModified\":\"2025-01-13T10:00:26+00:00\",\"description\":\"Centres de bellesa a Passeig de Gr\u00e0cia, Barcelona. Talls de cabell d'avantguarda i tractaments facials personalitzats al cor de la ciutat.\",\"breadcrumb\":{\"@id\":\"https:\/\/businesscenters.cat\/ca\/blog\/centres-de-bellesa-a-passeig-de-gracia-barcelona\/#breadcrumb\"},\"inLanguage\":\"ca\",\"potentialAction\":[{\"@type\":\"ReadAction\",\"target\":[\"https:\/\/businesscenters.cat\/ca\/blog\/centres-de-bellesa-a-passeig-de-gracia-barcelona\/\"]}]},{\"@type\":\"ImageObject\",\"inLanguage\":\"ca\",\"@id\":\"https:\/\/businesscenters.cat\/ca\/blog\/centres-de-bellesa-a-passeig-de-gracia-barcelona\/#primaryimage\",\"url\":\"https:\/\/businesscenters.cat\/wp-content\/uploads\/2024\/05\/centros-de-belleza-en-paseo-de-gracia-.jpg\",\"contentUrl\":\"https:\/\/businesscenters.cat\/wp-content\/uploads\/2024\/05\/centros-de-belleza-en-paseo-de-gracia-.jpg\",\"width\":1140,\"height\":642,\"caption\":\"centros de belleza en paseo de gracia\"},{\"@type\":\"BreadcrumbList\",\"@id\":\"https:\/\/businesscenters.cat\/ca\/blog\/centres-de-bellesa-a-passeig-de-gracia-barcelona\/#breadcrumb\",\"itemListElement\":[{\"@type\":\"ListItem\",\"position\":1,\"name\":\"Portada\",\"item\":\"https:\/\/businesscenters.cat\/ca\/\"},{\"@type\":\"ListItem\",\"position\":2,\"name\":\"Centres de bellesa a Passeig de Gr\u00e0cia, Barcelona\"}]},{\"@type\":\"WebSite\",\"@id\":\"https:\/\/businesscenters.cat\/ca\/#website\",\"url\":\"https:\/\/businesscenters.cat\/ca\/\",\"name\":\"Business Centers Barcelona\",\"description\":\"Alquiler de oficinas, despachos y coworking en el centro de Barcelona\",\"publisher\":{\"@id\":\"https:\/\/businesscenters.cat\/ca\/#organization\"},\"potentialAction\":[{\"@type\":\"SearchAction\",\"target\":{\"@type\":\"EntryPoint\",\"urlTemplate\":\"https:\/\/businesscenters.cat\/ca\/?s={search_term_string}\"},\"query-input\":{\"@type\":\"PropertyValueSpecification\",\"valueRequired\":true,\"valueName\":\"search_term_string\"}}],\"inLanguage\":\"ca\"},{\"@type\":\"Organization\",\"@id\":\"https:\/\/businesscenters.cat\/ca\/#organization\",\"name\":\"Business Centers Barcelona\",\"url\":\"https:\/\/businesscenters.cat\/ca\/\",\"logo\":{\"@type\":\"ImageObject\",\"inLanguage\":\"ca\",\"@id\":\"https:\/\/businesscenters.cat\/ca\/#\/schema\/logo\/image\/\",\"url\":\"https:\/\/businesscenters.cat\/wp-content\/uploads\/2018\/09\/business-logo-w.png\",\"contentUrl\":\"https:\/\/businesscenters.cat\/wp-content\/uploads\/2018\/09\/business-logo-w.png\",\"width\":250,\"height\":105,\"caption\":\"Business Centers Barcelona\"},\"image\":{\"@id\":\"https:\/\/businesscenters.cat\/ca\/#\/schema\/logo\/image\/\"}},{\"@type\":\"Person\",\"@id\":\"https:\/\/businesscenters.cat\/ca\/#\/schema\/person\/603ecda97c8f0947e116a2b7f86eaa66\",\"name\":\"Amaya Morlans\",\"image\":{\"@type\":\"ImageObject\",\"inLanguage\":\"ca\",\"@id\":\"https:\/\/businesscenters.cat\/ca\/#\/schema\/person\/image\/\",\"url\":\"https:\/\/secure.gravatar.com\/avatar\/5a787c54ec35f07dae49a7353e043d58?s=96&d=mm&r=g\",\"contentUrl\":\"https:\/\/secure.gravatar.com\/avatar\/5a787c54ec35f07dae49a7353e043d58?s=96&d=mm&r=g\",\"caption\":\"Amaya Morlans\"},\"url\":\"https:\/\/businesscenters.cat\/ca\/blog\/author\/amaya-memorandum\/\"}]}<\/script>\n<!-- \/ Yoast SEO plugin. -->","yoast_head_json":{"title":"Centres de bellesa a Passeig de Gr\u00e0cia, Barcelona","description":"Centres de bellesa a Passeig de Gr\u00e0cia, Barcelona. Talls de cabell d'avantguarda i tractaments facials personalitzats al cor de la ciutat.","robots":{"index":"index","follow":"follow","max-snippet":"max-snippet:-1","max-image-preview":"max-image-preview:large","max-video-preview":"max-video-preview:-1"},"canonical":"https:\/\/businesscenters.cat\/ca\/blog\/centres-de-bellesa-a-passeig-de-gracia-barcelona\/","og_locale":"ca_ES","og_type":"article","og_title":"Centres de bellesa a Passeig de Gr\u00e0cia, Barcelona","og_description":"Centres de bellesa a Passeig de Gr\u00e0cia, Barcelona. Talls de cabell d'avantguarda i tractaments facials personalitzats al cor de la ciutat.","og_url":"https:\/\/businesscenters.cat\/ca\/blog\/centres-de-bellesa-a-passeig-de-gracia-barcelona\/","og_site_name":"Business Centers Barcelona","article_published_time":"2024-05-13T08:00:28+00:00","article_modified_time":"2025-01-13T10:00:26+00:00","og_image":[{"width":1140,"height":642,"url":"https:\/\/businesscenters.cat\/wp-content\/uploads\/2024\/05\/centros-de-belleza-en-paseo-de-gracia-.jpg","type":"image\/jpeg"}],"author":"Amaya Morlans","twitter_card":"summary_large_image","twitter_misc":{"Escrit per":"Amaya Morlans","Temps estimat de lectura":"6 minuts"},"schema":{"@context":"https:\/\/schema.org","@graph":[{"@type":"Article","@id":"https:\/\/businesscenters.cat\/ca\/blog\/centres-de-bellesa-a-passeig-de-gracia-barcelona\/#article","isPartOf":{"@id":"https:\/\/businesscenters.cat\/ca\/blog\/centres-de-bellesa-a-passeig-de-gracia-barcelona\/"},"author":{"name":"Amaya Morlans","@id":"https:\/\/businesscenters.cat\/ca\/#\/schema\/person\/603ecda97c8f0947e116a2b7f86eaa66"},"headline":"Centres de bellesa a Passeig de Gr\u00e0cia, Barcelona","datePublished":"2024-05-13T08:00:28+00:00","dateModified":"2025-01-13T10:00:26+00:00","mainEntityOfPage":{"@id":"https:\/\/businesscenters.cat\/ca\/blog\/centres-de-bellesa-a-passeig-de-gracia-barcelona\/"},"wordCount":1141,"commentCount":0,"publisher":{"@id":"https:\/\/businesscenters.cat\/ca\/#organization"},"image":{"@id":"https:\/\/businesscenters.cat\/ca\/blog\/centres-de-bellesa-a-passeig-de-gracia-barcelona\/#primaryimage"},"thumbnailUrl":"https:\/\/businesscenters.cat\/wp-content\/uploads\/2024\/05\/centros-de-belleza-en-paseo-de-gracia-.jpg","keywords":["abogados Barcelona","abogados en gracia barcelona","advocat a baracelona","alquiler de coworking amueblado barcelona","alquiler despachos grandes en barcelona","Barcelona","Barcelona ciutat innovadora","business center barcelona","business centers barcelona","Carrer C\u00f2rsega"],"articleSection":["Uncategorized @ca"],"inLanguage":"ca","potentialAction":[{"@type":"CommentAction","name":"Comment","target":["https:\/\/businesscenters.cat\/ca\/blog\/centres-de-bellesa-a-passeig-de-gracia-barcelona\/#respond"]}]},{"@type":"WebPage","@id":"https:\/\/businesscenters.cat\/ca\/blog\/centres-de-bellesa-a-passeig-de-gracia-barcelona\/","url":"https:\/\/businesscenters.cat\/ca\/blog\/centres-de-bellesa-a-passeig-de-gracia-barcelona\/","name":"Centres de bellesa a Passeig de Gr\u00e0cia, Barcelona","isPartOf":{"@id":"https:\/\/businesscenters.cat\/ca\/#website"},"primaryImageOfPage":{"@id":"https:\/\/businesscenters.cat\/ca\/blog\/centres-de-bellesa-a-passeig-de-gracia-barcelona\/#primaryimage"},"image":{"@id":"https:\/\/businesscenters.cat\/ca\/blog\/centres-de-bellesa-a-passeig-de-gracia-barcelona\/#primaryimage"},"thumbnailUrl":"https:\/\/businesscenters.cat\/wp-content\/uploads\/2024\/05\/centros-de-belleza-en-paseo-de-gracia-.jpg","datePublished":"2024-05-13T08:00:28+00:00","dateModified":"2025-01-13T10:00:26+00:00","description":"Centres de bellesa a Passeig de Gr\u00e0cia, Barcelona. Talls de cabell d'avantguarda i tractaments facials personalitzats al cor de la ciutat.","breadcrumb":{"@id":"https:\/\/businesscenters.cat\/ca\/blog\/centres-de-bellesa-a-passeig-de-gracia-barcelona\/#breadcrumb"},"inLanguage":"ca","potentialAction":[{"@type":"ReadAction","target":["https:\/\/businesscenters.cat\/ca\/blog\/centres-de-bellesa-a-passeig-de-gracia-barcelona\/"]}]},{"@type":"ImageObject","inLanguage":"ca","@id":"https:\/\/businesscenters.cat\/ca\/blog\/centres-de-bellesa-a-passeig-de-gracia-barcelona\/#primaryimage","url":"https:\/\/businesscenters.cat\/wp-content\/uploads\/2024\/05\/centros-de-belleza-en-paseo-de-gracia-.jpg","contentUrl":"https:\/\/businesscenters.cat\/wp-content\/uploads\/2024\/05\/centros-de-belleza-en-paseo-de-gracia-.jpg","width":1140,"height":642,"caption":"centros de belleza en paseo de gracia"},{"@type":"BreadcrumbList","@id":"https:\/\/businesscenters.cat\/ca\/blog\/centres-de-bellesa-a-passeig-de-gracia-barcelona\/#breadcrumb","itemListElement":[{"@type":"ListItem","position":1,"name":"Portada","item":"https:\/\/businesscenters.cat\/ca\/"},{"@type":"ListItem","position":2,"name":"Centres de bellesa a Passeig de Gr\u00e0cia, Barcelona"}]},{"@type":"WebSite","@id":"https:\/\/businesscenters.cat\/ca\/#website","url":"https:\/\/businesscenters.cat\/ca\/","name":"Business Centers Barcelona","description":"Alquiler de oficinas, despachos y coworking en el centro de Barcelona","publisher":{"@id":"https:\/\/businesscenters.cat\/ca\/#organization"},"potentialAction":[{"@type":"SearchAction","target":{"@type":"EntryPoint","urlTemplate":"https:\/\/businesscenters.cat\/ca\/?s={search_term_string}"},"query-input":{"@type":"PropertyValueSpecification","valueRequired":true,"valueName":"search_term_string"}}],"inLanguage":"ca"},{"@type":"Organization","@id":"https:\/\/businesscenters.cat\/ca\/#organization","name":"Business Centers Barcelona","url":"https:\/\/businesscenters.cat\/ca\/","logo":{"@type":"ImageObject","inLanguage":"ca","@id":"https:\/\/businesscenters.cat\/ca\/#\/schema\/logo\/image\/","url":"https:\/\/businesscenters.cat\/wp-content\/uploads\/2018\/09\/business-logo-w.png","contentUrl":"https:\/\/businesscenters.cat\/wp-content\/uploads\/2018\/09\/business-logo-w.png","width":250,"height":105,"caption":"Business Centers Barcelona"},"image":{"@id":"https:\/\/businesscenters.cat\/ca\/#\/schema\/logo\/image\/"}},{"@type":"Person","@id":"https:\/\/businesscenters.cat\/ca\/#\/schema\/person\/603ecda97c8f0947e116a2b7f86eaa66","name":"Amaya Morlans","image":{"@type":"ImageObject","inLanguage":"ca","@id":"https:\/\/businesscenters.cat\/ca\/#\/schema\/person\/image\/","url":"https:\/\/secure.gravatar.com\/avatar\/5a787c54ec35f07dae49a7353e043d58?s=96&d=mm&r=g","contentUrl":"https:\/\/secure.gravatar.com\/avatar\/5a787c54ec35f07dae49a7353e043d58?s=96&d=mm&r=g","caption":"Amaya Morlans"},"url":"https:\/\/businesscenters.cat\/ca\/blog\/author\/amaya-memorandum\/"}]}},"_links":{"self":[{"href":"https:\/\/businesscenters.cat\/ca\/wp-json\/wp\/v2\/posts\/7778","targetHints":{"allow":["GET"]}}],"collection":[{"href":"https:\/\/businesscenters.cat\/ca\/wp-json\/wp\/v2\/posts"}],"about":[{"href":"https:\/\/businesscenters.cat\/ca\/wp-json\/wp\/v2\/types\/post"}],"author":[{"embeddable":true,"href":"https:\/\/businesscenters.cat\/ca\/wp-json\/wp\/v2\/users\/9"}],"replies":[{"embeddable":true,"href":"https:\/\/businesscenters.cat\/ca\/wp-json\/wp\/v2\/comments?post=7778"}],"version-history":[{"count":0,"href":"https:\/\/businesscenters.cat\/ca\/wp-json\/wp\/v2\/posts\/7778\/revisions"}],"wp:featuredmedia":[{"embeddable":true,"href":"https:\/\/businesscenters.cat\/ca\/wp-json\/wp\/v2\/media\/7769"}],"wp:attachment":[{"href":"https:\/\/businesscenters.cat\/ca\/wp-json\/wp\/v2\/media?parent=7778"}],"wp:term":[{"taxonomy":"category","embeddable":true,"href":"https:\/\/businesscenters.cat\/ca\/wp-json\/wp\/v2\/categories?post=7778"},{"taxonomy":"post_tag","embeddable":true,"href":"https:\/\/businesscenters.cat\/ca\/wp-json\/wp\/v2\/tags?post=7778"}],"curies":[{"name":"wp","href":"https:\/\/api.w.org\/{rel}","templated":true}]}}