{"id":7794,"date":"2024-05-20T10:00:16","date_gmt":"2024-05-20T08:00:16","guid":{"rendered":"https:\/\/businesscenters.cat\/?p=7794"},"modified":"2024-04-01T13:37:05","modified_gmt":"2024-04-01T11:37:05","slug":"que-veure-en-passeig-de-gracia-barcelona","status":"publish","type":"post","link":"https:\/\/businesscenters.cat\/ca\/blog\/que-veure-en-passeig-de-gracia-barcelona\/","title":{"rendered":"Qu\u00e8 veure en Passeig de Gr\u00e0cia, Barcelona"},"content":{"rendered":"<p>El <a href=\"https:\/\/businesscenters.cat\/ca\/ubicacion\/centre-negocis-paseo-de-gracia\/\">Passeig de Gr\u00e0cia<\/a> de Barcelona \u00e9s una avinguda ic\u00f2nica que transcendeix el seu mer prop\u00f2sit com a centre comercial per a convertir-se en un testament viu de <strong>l&#8217;esplendor arquitect\u00f2nica<\/strong> de la ciutat. La seva reputaci\u00f3 no es limita nom\u00e9s a la seva vibrant vida comercial, sin\u00f3 que captiva als qui tenen el privilegi de passejar per les seves voreres.<\/p>\n<p>En aquest article ens submergim en la majestuositat d&#8217;algun dels edificis m\u00e9s emblem\u00e0tics que adornen aquest distingit carrer, desenterrant els secrets i les hist\u00f2ries que jeuen darrere de cada fa\u00e7ana imponent i cada detall elaborat.<\/p>\n<h2>Edificis modernistes en Passeig de Gr\u00e0cia<\/h2>\n<p>Aquesta emblem\u00e0tica avinguda, m\u00e9s enll\u00e0 de la seva bulliciosa activitat comercial, enlluerna als qui la recorren amb la majestuositat de les seves construccions, cadascuna representant una obra mestra \u00fanica en el seu g\u00e8nere.<\/p>\n<p><strong>Casa Batll\u00f3<\/strong><\/p>\n<p>Immersa en l&#8217;eleg\u00e0ncia del Passeig de Gr\u00e0cia, la <strong>Casa Batll\u00f3<\/strong> emergeix com una fita imponent, una simfonia visual composta pel geni creatiu d&#8217;Antoni Gaud\u00ed. Situada majestuosament en el n\u00famero 43 de l&#8217;avinguda, aquesta estructura emblem\u00e0tica \u00e9s molt m\u00e9s que un simple edifici; \u00e9s un testimoniatge del poder transformador de l&#8217;art i l&#8217;arquitectura.<\/p>\n<p>Cada detall de la Casa Batll\u00f3 respira vida i moviment, des de la seva fa\u00e7ana ondulada que sembla fluir com les ones de la mar, fins als seus acolorits taulells, que brillen com a gemmes sota el sol mediterrani, aquesta obra mestra del modernisme catal\u00e0 \u00e9s un desplegament de creativitat sense igual. Cada rac\u00f3 d&#8217;aquesta resid\u00e8ncia \u00fanica evoca una sensaci\u00f3 de <strong>sorpresa i admiraci\u00f3<\/strong>, convidant als visitants a submergir-se en un m\u00f3n de fantasia i meravella.<\/p>\n<p>En <strong>Corcega Business Centers<\/strong> oferim un nou sistema de <a href=\"https:\/\/businesscenters.cat\/ca\/serveis\/videoconferencies-barcelona\/\">Videoconfer\u00e8ncia<\/a> per a mantenir reunions entre persones que es trobin en llocs distants.<\/p>\n<p><img fetchpriority=\"high\" decoding=\"async\" class=\"wp-image-7787 aligncenter\" src=\"https:\/\/businesscenters.cat\/wp-content\/uploads\/2024\/05\/casa-batallo--300x188.jpg\" alt=\"casa batallo\" width=\"570\" height=\"357\" srcset=\"https:\/\/businesscenters.cat\/wp-content\/uploads\/2024\/05\/casa-batallo--300x188.jpg 300w, https:\/\/businesscenters.cat\/wp-content\/uploads\/2024\/05\/casa-batallo--768x480.jpg 768w, https:\/\/businesscenters.cat\/wp-content\/uploads\/2024\/05\/casa-batallo-.jpg 800w\" sizes=\"(max-width: 570px) 100vw, 570px\" \/><\/p>\n<p><strong>Casa Lle\u00f3 i Morera<\/strong><\/p>\n<p>Just al costat de la Casa Batll\u00f3, s&#8217;erigeix majestuosa la <strong>Casa Lle\u00f3 i Morera<\/strong>, una obra mestra del canviat de nom arquitecte Llu\u00eds Dom\u00e8nech i Montaner. Aquesta resid\u00e8ncia, situada en el n\u00famero 35 del Passeig de Gr\u00e0cia, no sols \u00e9s una icona arquitect\u00f2nica, sin\u00f3 tamb\u00e9 un s\u00edmbol d&#8217;eleg\u00e0ncia i distinci\u00f3 en el cor de Barcelona.<\/p>\n<p>Amb la seva imponent pres\u00e8ncia, la Casa Lle\u00f3 i Morera captiva als espectadors des del primer cop d&#8217;ull. La seva fa\u00e7ana, ricament adornada amb escultures, relleus i detalls ornamentals, \u00e9s un testimoniatge tangible de l&#8217;enginy creatiu del seu dissenyador. Cada element arquitect\u00f2nic explica una hist\u00f2ria, des de les columnes decoratives fins als balcons de ferro forjat, creant una <strong>composici\u00f3 visualment enlluernadora<\/strong> que deixa una impressi\u00f3 perdurable en els qui tenen el privilegi de contemplar-la.<\/p>\n<p><strong>Casa Mulleras<\/strong><\/p>\n<p>Al llarg del majestu\u00f3s Passeig de Gr\u00e0cia a Barcelona, cada edifici conta la seva pr\u00f2pia hist\u00f2ria, aportant una riquesa \u00fanica al paisatge arquitect\u00f2nic de la ciutat. Entre les brillants obres del modernisme catal\u00e0, es troba la <strong>Casa Mulleras<\/strong>, una joia neocl\u00e0ssica que mereix un esment especial.<\/p>\n<p>Constru\u00efda originalment en 1868, la Casa Murellas s&#8217;erigeix com un testament de l&#8217;esplendor del passat, un reflex d&#8217;una \u00e8poca marcada per l&#8217;opul\u00e8ncia i el refinament, no obstant aix\u00f2, la seva hist\u00f2ria pren un gir fascinant amb la intervenci\u00f3 del canviat de nom arquitecte Enric Sagnier entre 1906 i 1911. En un esfor\u00e7 per revitalitzar i <strong>modernitzar l&#8217;estructura<\/strong>, Sagnier va dur a terme una remodelaci\u00f3 completa, infonent a la casa un nou al\u00e8 de vida mentre mantenia la seva eleg\u00e0ncia neocl\u00e0ssica.<\/p>\n<p><strong>Casa Amatller<\/strong><\/p>\n<p>En el ric tap\u00eds arquitect\u00f2nic del Passeig de Gr\u00e0cia, sorgeix la <strong>Casa Amatller<\/strong> com una joia singular que captiva als qui tenen el privilegi de contemplar-la, dissenyada per l&#8217;eminent arquitecte Josep Puig i Cadafalch, aquesta resid\u00e8ncia s&#8217;erigeix al costat de la Casa Batll\u00f3, enlluernant amb la seva fusi\u00f3 magistral d&#8217;estils g\u00f2tics, renaixentistes i modernistes.<\/p>\n<p>La Casa Amatller \u00e9s molt m\u00e9s que un simple edifici; \u00e9s un testament de la creativitat i l&#8217;habilitat t\u00e8cnica de <strong>Puig i Cadafalch<\/strong>, qui va saber combinar elements de diferents \u00e8poques per a crear una obra d&#8217;art arquitect\u00f2nica. La seva torre escalonada s&#8217;al\u00e7a amb eleg\u00e0ncia sobre el Passeig de Gr\u00e0cia, atraient les mirades dels transe\u00fcnts i transportant-los a un m\u00f3n de fantasia i bellesa.<\/p>\n<p><strong>Casa Mil\u00e0 \u2013 La Pedrera<\/strong><\/p>\n<p>La <strong>Casa Mil\u00e0<\/strong>, sobrenomenada <strong>La Pedrera<\/strong> sorgeix majestuosa en el paisatge urb\u00e0 del Passeig de Gr\u00e0cia. \u00c9s, sense lloc a dubte, una de les creacions m\u00e9s emblem\u00e0tiques i transgressores d&#8217;Antoni Gaud\u00ed, enclavada en el n\u00famero 92 d&#8217;aquesta ic\u00f2nica avinguda barcelonina, la seva pres\u00e8ncia \u00e9s imponent i el seu impacte visual, innegable.<\/p>\n<p>La fa\u00e7ana de la Casa Mil\u00e0 \u00e9s una oda a la creativitat desenfrenada i a l&#8217;enginy sense l\u00edmits, les seves formes ondulades i sinuoses evoquen un paisatge lunar, una composici\u00f3 surrealista que desafia <strong>la l\u00f2gica i captiva a l&#8217;espectador<\/strong>. Els balcons de ferro forjat, amb els seus intricados dissenys inspirats en la naturalesa, semblen brollar org\u00e0nicament de la pedra, fonent-se amb l&#8217;arquitectura circumdant en una dansa de formes i textures.<\/p>\n<p>Consulta els diferents <a href=\"https:\/\/businesscenters.cat\/ca\/serveis\/serveis-addicionals\/\">serveis<\/a> que oferim en el centre de negocis.<\/p>\n<p><strong>Palau Robert <\/strong><\/p>\n<p>El <strong>Palau Robert<\/strong>, amb la seva distingida pres\u00e8ncia, emergeix com un monument a l&#8217;eleg\u00e0ncia i la sofisticaci\u00f3 en el cor mateix de Barcelona. Aquest espl\u00e8ndid edifici, erigit entre els anys 1898 i 1903, va ser concebut originalment com la resid\u00e8ncia privada de l&#8217;influent arist\u00f2crata Robert i Sur\u00eds. La seva majestuosa fa\u00e7ana, meticulosament elaborada, serveix com a testament de l&#8217;opul\u00e8ncia i el refinament que caracteritzaven a l&#8217;alta societat de l&#8217;\u00e8poca.<\/p>\n<p>Caminar enfront del Palau Robert \u00e9s endinsar-se en un m\u00f3n de <strong>bellesa arquitect\u00f2nica<\/strong>, on cada detall sembla haver estat acuradament dissenyat per a delectar els sentits. Des dels seus intricats adorns fins a les seves imponents columnes, el Palau Robert irradia una sensaci\u00f3 de grandiositat que captiva als qui tenen el privilegi de contemplar-lo.<\/p>\n<p><img decoding=\"async\" class=\"wp-image-7790 aligncenter\" src=\"https:\/\/businesscenters.cat\/wp-content\/uploads\/2024\/05\/Palau-robert-300x188.jpg\" alt=\"Palau robert\" width=\"570\" height=\"357\" srcset=\"https:\/\/businesscenters.cat\/wp-content\/uploads\/2024\/05\/Palau-robert-300x188.jpg 300w, https:\/\/businesscenters.cat\/wp-content\/uploads\/2024\/05\/Palau-robert-768x480.jpg 768w, https:\/\/businesscenters.cat\/wp-content\/uploads\/2024\/05\/Palau-robert.jpg 800w\" sizes=\"(max-width: 570px) 100vw, 570px\" \/><\/p>\n<h2>Corcega Business Centers: innovaci\u00f3 al Passeig de Gr\u00e0cia<\/h2>\n<p>Situat en el prestigi\u00f3s Passeig de Gr\u00e0cia, <a href=\"https:\/\/businesscenters.cat\/ca\/\">Corcega Business Centers<\/a> es troba en el cor del districte de l&#8217;Eixample de Barcelona. Com a centre de negocis l\u00edder a la regi\u00f3, oferim espais de treball moderns i flexibles per a empreses de totes les grand\u00e0ries. El nostre objectiu \u00e9s proporcionar un entorn professional i col\u00b7laboratiu on les empreses poden prosperar i cr\u00e9ixer.<\/p>\n<p>Des de les nostres modernes instal\u00b7lacions fins als nostres serveis d&#8217;avantguarda, a <strong>Corcega Business Centers<\/strong> ens comprometem a oferir solucions innovadores que satisfacin les necessitats canviants dels nostres clients. Ja sigui que necessiti una <a href=\"https:\/\/businesscenters.cat\/ca\/serveis\/lloguer-despatxos-oficines-barcelona\/\">oficina privada<\/a>, una sala de reunions o serveis de suport administratiu, som aqu\u00ed per a ajudar-ho a aconseguir els seus objectius comercials amb \u00e8xit.<\/p>\n","protected":false},"excerpt":{"rendered":"<p>El Passeig de Gr\u00e0cia de Barcelona \u00e9s una avinguda ic\u00f2nica que transcendeix el seu mer prop\u00f2sit com a centre comercial per a convertir-se en un testament viu de l&#8217;esplendor arquitect\u00f2nica de la ciutat. La seva reputaci\u00f3 no es limita nom\u00e9s a la seva vibrant vida comercial, sin\u00f3 que captiva als qui tenen el privilegi de [&hellip;]<\/p>\n","protected":false},"author":9,"featured_media":7784,"comment_status":"open","ping_status":"open","sticky":false,"template":"","format":"standard","meta":{"site-sidebar-layout":"default","site-content-layout":"","ast-site-content-layout":"default","site-content-style":"default","site-sidebar-style":"default","ast-global-header-display":"","ast-banner-title-visibility":"","ast-main-header-display":"","ast-hfb-above-header-display":"","ast-hfb-below-header-display":"","ast-hfb-mobile-header-display":"","site-post-title":"","ast-breadcrumbs-content":"","ast-featured-img":"","footer-sml-layout":"","theme-transparent-header-meta":"default","adv-header-id-meta":"","stick-header-meta":"","header-above-stick-meta":"","header-main-stick-meta":"","header-below-stick-meta":"","astra-migrate-meta-layouts":"set","ast-page-background-enabled":"default","ast-page-background-meta":{"desktop":{"background-color":"","background-image":"","background-repeat":"repeat","background-position":"center center","background-size":"auto","background-attachment":"scroll","background-type":"","background-media":"","overlay-type":"","overlay-color":"","overlay-gradient":""},"tablet":{"background-color":"","background-image":"","background-repeat":"repeat","background-position":"center center","background-size":"auto","background-attachment":"scroll","background-type":"","background-media":"","overlay-type":"","overlay-color":"","overlay-gradient":""},"mobile":{"background-color":"","background-image":"","background-repeat":"repeat","background-position":"center center","background-size":"auto","background-attachment":"scroll","background-type":"","background-media":"","overlay-type":"","overlay-color":"","overlay-gradient":""}},"ast-content-background-meta":{"desktop":{"background-color":"var(--ast-global-color-5)","background-image":"","background-repeat":"repeat","background-position":"center center","background-size":"auto","background-attachment":"scroll","background-type":"","background-media":"","overlay-type":"","overlay-color":"","overlay-gradient":""},"tablet":{"background-color":"var(--ast-global-color-5)","background-image":"","background-repeat":"repeat","background-position":"center center","background-size":"auto","background-attachment":"scroll","background-type":"","background-media":"","overlay-type":"","overlay-color":"","overlay-gradient":""},"mobile":{"background-color":"var(--ast-global-color-5)","background-image":"","background-repeat":"repeat","background-position":"center center","background-size":"auto","background-attachment":"scroll","background-type":"","background-media":"","overlay-type":"","overlay-color":"","overlay-gradient":""}},"_joinchat":[],"footnotes":""},"categories":[8],"tags":[274,307,275,257,224,93,507,259,94],"class_list":["post-7794","post","type-post","status-publish","format-standard","has-post-thumbnail","hentry","category-uncategorized-ca","tag-abogados-en-gracia-barcelona-ca","tag-barcelona-ca-2","tag-barcelona-ciutat-innovadora-ca","tag-coworking-a-barcelona-ca","tag-llogar-despatx-gran-a-barcelona-ca","tag-lloguer-de-coworking-moblat-barcelona","tag-lloguer-oficines-barcelona","tag-oficina-virtual-barcelona-ca","tag-lloguer-despatx-moblat-a-barcelona"],"yoast_head":"<!-- This site is optimized with the Yoast SEO plugin v24.8.1 - https:\/\/yoast.com\/wordpress\/plugins\/seo\/ -->\n<title>Qu\u00e8 veure en Passeig de Gr\u00e0cia, Barcelona<\/title>\n<meta name=\"description\" content=\"Explora l&#039;arquitectura \u00fanica del Passeig de Gr\u00e0cia a Barcelona i troba innovaci\u00f3 empresarial a Corcega Business Centers.\" \/>\n<meta name=\"robots\" content=\"index, follow, max-snippet:-1, max-image-preview:large, max-video-preview:-1\" \/>\n<link rel=\"canonical\" href=\"https:\/\/businesscenters.cat\/ca\/blog\/que-veure-en-passeig-de-gracia-barcelona\/\" \/>\n<meta property=\"og:locale\" content=\"ca_ES\" \/>\n<meta property=\"og:type\" content=\"article\" \/>\n<meta property=\"og:title\" content=\"Qu\u00e8 veure en Passeig de Gr\u00e0cia, Barcelona\" \/>\n<meta property=\"og:description\" content=\"Explora l&#039;arquitectura \u00fanica del Passeig de Gr\u00e0cia a Barcelona i troba innovaci\u00f3 empresarial a Corcega Business Centers.\" \/>\n<meta property=\"og:url\" content=\"https:\/\/businesscenters.cat\/ca\/blog\/que-veure-en-passeig-de-gracia-barcelona\/\" \/>\n<meta property=\"og:site_name\" content=\"Business Centers Barcelona\" \/>\n<meta property=\"article:published_time\" content=\"2024-05-20T08:00:16+00:00\" \/>\n<meta property=\"og:image\" content=\"https:\/\/businesscenters.cat\/wp-content\/uploads\/2024\/05\/Que-ver-en-Paseo-de-Gracia-Barcelona.jpg\" \/>\n\t<meta property=\"og:image:width\" content=\"1140\" \/>\n\t<meta property=\"og:image:height\" content=\"642\" \/>\n\t<meta property=\"og:image:type\" content=\"image\/jpeg\" \/>\n<meta name=\"author\" content=\"Amaya Morlans\" \/>\n<meta name=\"twitter:card\" content=\"summary_large_image\" \/>\n<meta name=\"twitter:label1\" content=\"Escrit per\" \/>\n\t<meta name=\"twitter:data1\" content=\"Amaya Morlans\" \/>\n\t<meta name=\"twitter:label2\" content=\"Temps estimat de lectura\" \/>\n\t<meta name=\"twitter:data2\" content=\"6 minuts\" \/>\n<script type=\"application\/ld+json\" class=\"yoast-schema-graph\">{\"@context\":\"https:\/\/schema.org\",\"@graph\":[{\"@type\":\"Article\",\"@id\":\"https:\/\/businesscenters.cat\/ca\/blog\/que-veure-en-passeig-de-gracia-barcelona\/#article\",\"isPartOf\":{\"@id\":\"https:\/\/businesscenters.cat\/ca\/blog\/que-veure-en-passeig-de-gracia-barcelona\/\"},\"author\":{\"name\":\"Amaya Morlans\",\"@id\":\"https:\/\/businesscenters.cat\/ca\/#\/schema\/person\/603ecda97c8f0947e116a2b7f86eaa66\"},\"headline\":\"Qu\u00e8 veure en Passeig de Gr\u00e0cia, Barcelona\",\"datePublished\":\"2024-05-20T08:00:16+00:00\",\"mainEntityOfPage\":{\"@id\":\"https:\/\/businesscenters.cat\/ca\/blog\/que-veure-en-passeig-de-gracia-barcelona\/\"},\"wordCount\":1176,\"commentCount\":0,\"publisher\":{\"@id\":\"https:\/\/businesscenters.cat\/ca\/#organization\"},\"image\":{\"@id\":\"https:\/\/businesscenters.cat\/ca\/blog\/que-veure-en-passeig-de-gracia-barcelona\/#primaryimage\"},\"thumbnailUrl\":\"https:\/\/businesscenters.cat\/wp-content\/uploads\/2024\/05\/Que-ver-en-Paseo-de-Gracia-Barcelona.jpg\",\"keywords\":[\"abogados en gracia barcelona\",\"Barcelona\",\"Barcelona ciutat innovadora\",\"Coworking a Barcelona\",\"Llogar despatx gran a Barcelona\",\"lloguer de coworking moblat barcelona\",\"Lloguer oficines Barcelona\",\"oficina virtual barcelona\",\"\u200b\u200blloguer despatx moblat a barcelona\"],\"articleSection\":[\"Uncategorized @ca\"],\"inLanguage\":\"ca\",\"potentialAction\":[{\"@type\":\"CommentAction\",\"name\":\"Comment\",\"target\":[\"https:\/\/businesscenters.cat\/ca\/blog\/que-veure-en-passeig-de-gracia-barcelona\/#respond\"]}]},{\"@type\":\"WebPage\",\"@id\":\"https:\/\/businesscenters.cat\/ca\/blog\/que-veure-en-passeig-de-gracia-barcelona\/\",\"url\":\"https:\/\/businesscenters.cat\/ca\/blog\/que-veure-en-passeig-de-gracia-barcelona\/\",\"name\":\"Qu\u00e8 veure en Passeig de Gr\u00e0cia, Barcelona\",\"isPartOf\":{\"@id\":\"https:\/\/businesscenters.cat\/ca\/#website\"},\"primaryImageOfPage\":{\"@id\":\"https:\/\/businesscenters.cat\/ca\/blog\/que-veure-en-passeig-de-gracia-barcelona\/#primaryimage\"},\"image\":{\"@id\":\"https:\/\/businesscenters.cat\/ca\/blog\/que-veure-en-passeig-de-gracia-barcelona\/#primaryimage\"},\"thumbnailUrl\":\"https:\/\/businesscenters.cat\/wp-content\/uploads\/2024\/05\/Que-ver-en-Paseo-de-Gracia-Barcelona.jpg\",\"datePublished\":\"2024-05-20T08:00:16+00:00\",\"description\":\"Explora l'arquitectura \u00fanica del Passeig de Gr\u00e0cia a Barcelona i troba innovaci\u00f3 empresarial a Corcega Business Centers.\",\"breadcrumb\":{\"@id\":\"https:\/\/businesscenters.cat\/ca\/blog\/que-veure-en-passeig-de-gracia-barcelona\/#breadcrumb\"},\"inLanguage\":\"ca\",\"potentialAction\":[{\"@type\":\"ReadAction\",\"target\":[\"https:\/\/businesscenters.cat\/ca\/blog\/que-veure-en-passeig-de-gracia-barcelona\/\"]}]},{\"@type\":\"ImageObject\",\"inLanguage\":\"ca\",\"@id\":\"https:\/\/businesscenters.cat\/ca\/blog\/que-veure-en-passeig-de-gracia-barcelona\/#primaryimage\",\"url\":\"https:\/\/businesscenters.cat\/wp-content\/uploads\/2024\/05\/Que-ver-en-Paseo-de-Gracia-Barcelona.jpg\",\"contentUrl\":\"https:\/\/businesscenters.cat\/wp-content\/uploads\/2024\/05\/Que-ver-en-Paseo-de-Gracia-Barcelona.jpg\",\"width\":1140,\"height\":642,\"caption\":\"Qu\u00e9 ver en Paseo de Gracia, Barcelona\"},{\"@type\":\"BreadcrumbList\",\"@id\":\"https:\/\/businesscenters.cat\/ca\/blog\/que-veure-en-passeig-de-gracia-barcelona\/#breadcrumb\",\"itemListElement\":[{\"@type\":\"ListItem\",\"position\":1,\"name\":\"Portada\",\"item\":\"https:\/\/businesscenters.cat\/ca\/\"},{\"@type\":\"ListItem\",\"position\":2,\"name\":\"Qu\u00e8 veure en Passeig de Gr\u00e0cia, Barcelona\"}]},{\"@type\":\"WebSite\",\"@id\":\"https:\/\/businesscenters.cat\/ca\/#website\",\"url\":\"https:\/\/businesscenters.cat\/ca\/\",\"name\":\"Business Centers Barcelona\",\"description\":\"Alquiler de oficinas, despachos y coworking en el centro de Barcelona\",\"publisher\":{\"@id\":\"https:\/\/businesscenters.cat\/ca\/#organization\"},\"potentialAction\":[{\"@type\":\"SearchAction\",\"target\":{\"@type\":\"EntryPoint\",\"urlTemplate\":\"https:\/\/businesscenters.cat\/ca\/?s={search_term_string}\"},\"query-input\":{\"@type\":\"PropertyValueSpecification\",\"valueRequired\":true,\"valueName\":\"search_term_string\"}}],\"inLanguage\":\"ca\"},{\"@type\":\"Organization\",\"@id\":\"https:\/\/businesscenters.cat\/ca\/#organization\",\"name\":\"Business Centers Barcelona\",\"url\":\"https:\/\/businesscenters.cat\/ca\/\",\"logo\":{\"@type\":\"ImageObject\",\"inLanguage\":\"ca\",\"@id\":\"https:\/\/businesscenters.cat\/ca\/#\/schema\/logo\/image\/\",\"url\":\"https:\/\/businesscenters.cat\/wp-content\/uploads\/2018\/09\/business-logo-w.png\",\"contentUrl\":\"https:\/\/businesscenters.cat\/wp-content\/uploads\/2018\/09\/business-logo-w.png\",\"width\":250,\"height\":105,\"caption\":\"Business Centers Barcelona\"},\"image\":{\"@id\":\"https:\/\/businesscenters.cat\/ca\/#\/schema\/logo\/image\/\"}},{\"@type\":\"Person\",\"@id\":\"https:\/\/businesscenters.cat\/ca\/#\/schema\/person\/603ecda97c8f0947e116a2b7f86eaa66\",\"name\":\"Amaya Morlans\",\"image\":{\"@type\":\"ImageObject\",\"inLanguage\":\"ca\",\"@id\":\"https:\/\/businesscenters.cat\/ca\/#\/schema\/person\/image\/\",\"url\":\"https:\/\/secure.gravatar.com\/avatar\/5a787c54ec35f07dae49a7353e043d58?s=96&d=mm&r=g\",\"contentUrl\":\"https:\/\/secure.gravatar.com\/avatar\/5a787c54ec35f07dae49a7353e043d58?s=96&d=mm&r=g\",\"caption\":\"Amaya Morlans\"},\"url\":\"https:\/\/businesscenters.cat\/ca\/blog\/author\/amaya-memorandum\/\"}]}<\/script>\n<!-- \/ Yoast SEO plugin. -->","yoast_head_json":{"title":"Qu\u00e8 veure en Passeig de Gr\u00e0cia, Barcelona","description":"Explora l'arquitectura \u00fanica del Passeig de Gr\u00e0cia a Barcelona i troba innovaci\u00f3 empresarial a Corcega Business Centers.","robots":{"index":"index","follow":"follow","max-snippet":"max-snippet:-1","max-image-preview":"max-image-preview:large","max-video-preview":"max-video-preview:-1"},"canonical":"https:\/\/businesscenters.cat\/ca\/blog\/que-veure-en-passeig-de-gracia-barcelona\/","og_locale":"ca_ES","og_type":"article","og_title":"Qu\u00e8 veure en Passeig de Gr\u00e0cia, Barcelona","og_description":"Explora l'arquitectura \u00fanica del Passeig de Gr\u00e0cia a Barcelona i troba innovaci\u00f3 empresarial a Corcega Business Centers.","og_url":"https:\/\/businesscenters.cat\/ca\/blog\/que-veure-en-passeig-de-gracia-barcelona\/","og_site_name":"Business Centers Barcelona","article_published_time":"2024-05-20T08:00:16+00:00","og_image":[{"width":1140,"height":642,"url":"https:\/\/businesscenters.cat\/wp-content\/uploads\/2024\/05\/Que-ver-en-Paseo-de-Gracia-Barcelona.jpg","type":"image\/jpeg"}],"author":"Amaya Morlans","twitter_card":"summary_large_image","twitter_misc":{"Escrit per":"Amaya Morlans","Temps estimat de lectura":"6 minuts"},"schema":{"@context":"https:\/\/schema.org","@graph":[{"@type":"Article","@id":"https:\/\/businesscenters.cat\/ca\/blog\/que-veure-en-passeig-de-gracia-barcelona\/#article","isPartOf":{"@id":"https:\/\/businesscenters.cat\/ca\/blog\/que-veure-en-passeig-de-gracia-barcelona\/"},"author":{"name":"Amaya Morlans","@id":"https:\/\/businesscenters.cat\/ca\/#\/schema\/person\/603ecda97c8f0947e116a2b7f86eaa66"},"headline":"Qu\u00e8 veure en Passeig de Gr\u00e0cia, Barcelona","datePublished":"2024-05-20T08:00:16+00:00","mainEntityOfPage":{"@id":"https:\/\/businesscenters.cat\/ca\/blog\/que-veure-en-passeig-de-gracia-barcelona\/"},"wordCount":1176,"commentCount":0,"publisher":{"@id":"https:\/\/businesscenters.cat\/ca\/#organization"},"image":{"@id":"https:\/\/businesscenters.cat\/ca\/blog\/que-veure-en-passeig-de-gracia-barcelona\/#primaryimage"},"thumbnailUrl":"https:\/\/businesscenters.cat\/wp-content\/uploads\/2024\/05\/Que-ver-en-Paseo-de-Gracia-Barcelona.jpg","keywords":["abogados en gracia barcelona","Barcelona","Barcelona ciutat innovadora","Coworking a Barcelona","Llogar despatx gran a Barcelona","lloguer de coworking moblat barcelona","Lloguer oficines Barcelona","oficina virtual barcelona","\u200b\u200blloguer despatx moblat a barcelona"],"articleSection":["Uncategorized @ca"],"inLanguage":"ca","potentialAction":[{"@type":"CommentAction","name":"Comment","target":["https:\/\/businesscenters.cat\/ca\/blog\/que-veure-en-passeig-de-gracia-barcelona\/#respond"]}]},{"@type":"WebPage","@id":"https:\/\/businesscenters.cat\/ca\/blog\/que-veure-en-passeig-de-gracia-barcelona\/","url":"https:\/\/businesscenters.cat\/ca\/blog\/que-veure-en-passeig-de-gracia-barcelona\/","name":"Qu\u00e8 veure en Passeig de Gr\u00e0cia, Barcelona","isPartOf":{"@id":"https:\/\/businesscenters.cat\/ca\/#website"},"primaryImageOfPage":{"@id":"https:\/\/businesscenters.cat\/ca\/blog\/que-veure-en-passeig-de-gracia-barcelona\/#primaryimage"},"image":{"@id":"https:\/\/businesscenters.cat\/ca\/blog\/que-veure-en-passeig-de-gracia-barcelona\/#primaryimage"},"thumbnailUrl":"https:\/\/businesscenters.cat\/wp-content\/uploads\/2024\/05\/Que-ver-en-Paseo-de-Gracia-Barcelona.jpg","datePublished":"2024-05-20T08:00:16+00:00","description":"Explora l'arquitectura \u00fanica del Passeig de Gr\u00e0cia a Barcelona i troba innovaci\u00f3 empresarial a Corcega Business Centers.","breadcrumb":{"@id":"https:\/\/businesscenters.cat\/ca\/blog\/que-veure-en-passeig-de-gracia-barcelona\/#breadcrumb"},"inLanguage":"ca","potentialAction":[{"@type":"ReadAction","target":["https:\/\/businesscenters.cat\/ca\/blog\/que-veure-en-passeig-de-gracia-barcelona\/"]}]},{"@type":"ImageObject","inLanguage":"ca","@id":"https:\/\/businesscenters.cat\/ca\/blog\/que-veure-en-passeig-de-gracia-barcelona\/#primaryimage","url":"https:\/\/businesscenters.cat\/wp-content\/uploads\/2024\/05\/Que-ver-en-Paseo-de-Gracia-Barcelona.jpg","contentUrl":"https:\/\/businesscenters.cat\/wp-content\/uploads\/2024\/05\/Que-ver-en-Paseo-de-Gracia-Barcelona.jpg","width":1140,"height":642,"caption":"Qu\u00e9 ver en Paseo de Gracia, Barcelona"},{"@type":"BreadcrumbList","@id":"https:\/\/businesscenters.cat\/ca\/blog\/que-veure-en-passeig-de-gracia-barcelona\/#breadcrumb","itemListElement":[{"@type":"ListItem","position":1,"name":"Portada","item":"https:\/\/businesscenters.cat\/ca\/"},{"@type":"ListItem","position":2,"name":"Qu\u00e8 veure en Passeig de Gr\u00e0cia, Barcelona"}]},{"@type":"WebSite","@id":"https:\/\/businesscenters.cat\/ca\/#website","url":"https:\/\/businesscenters.cat\/ca\/","name":"Business Centers Barcelona","description":"Alquiler de oficinas, despachos y coworking en el centro de Barcelona","publisher":{"@id":"https:\/\/businesscenters.cat\/ca\/#organization"},"potentialAction":[{"@type":"SearchAction","target":{"@type":"EntryPoint","urlTemplate":"https:\/\/businesscenters.cat\/ca\/?s={search_term_string}"},"query-input":{"@type":"PropertyValueSpecification","valueRequired":true,"valueName":"search_term_string"}}],"inLanguage":"ca"},{"@type":"Organization","@id":"https:\/\/businesscenters.cat\/ca\/#organization","name":"Business Centers Barcelona","url":"https:\/\/businesscenters.cat\/ca\/","logo":{"@type":"ImageObject","inLanguage":"ca","@id":"https:\/\/businesscenters.cat\/ca\/#\/schema\/logo\/image\/","url":"https:\/\/businesscenters.cat\/wp-content\/uploads\/2018\/09\/business-logo-w.png","contentUrl":"https:\/\/businesscenters.cat\/wp-content\/uploads\/2018\/09\/business-logo-w.png","width":250,"height":105,"caption":"Business Centers Barcelona"},"image":{"@id":"https:\/\/businesscenters.cat\/ca\/#\/schema\/logo\/image\/"}},{"@type":"Person","@id":"https:\/\/businesscenters.cat\/ca\/#\/schema\/person\/603ecda97c8f0947e116a2b7f86eaa66","name":"Amaya Morlans","image":{"@type":"ImageObject","inLanguage":"ca","@id":"https:\/\/businesscenters.cat\/ca\/#\/schema\/person\/image\/","url":"https:\/\/secure.gravatar.com\/avatar\/5a787c54ec35f07dae49a7353e043d58?s=96&d=mm&r=g","contentUrl":"https:\/\/secure.gravatar.com\/avatar\/5a787c54ec35f07dae49a7353e043d58?s=96&d=mm&r=g","caption":"Amaya Morlans"},"url":"https:\/\/businesscenters.cat\/ca\/blog\/author\/amaya-memorandum\/"}]}},"_links":{"self":[{"href":"https:\/\/businesscenters.cat\/ca\/wp-json\/wp\/v2\/posts\/7794","targetHints":{"allow":["GET"]}}],"collection":[{"href":"https:\/\/businesscenters.cat\/ca\/wp-json\/wp\/v2\/posts"}],"about":[{"href":"https:\/\/businesscenters.cat\/ca\/wp-json\/wp\/v2\/types\/post"}],"author":[{"embeddable":true,"href":"https:\/\/businesscenters.cat\/ca\/wp-json\/wp\/v2\/users\/9"}],"replies":[{"embeddable":true,"href":"https:\/\/businesscenters.cat\/ca\/wp-json\/wp\/v2\/comments?post=7794"}],"version-history":[{"count":0,"href":"https:\/\/businesscenters.cat\/ca\/wp-json\/wp\/v2\/posts\/7794\/revisions"}],"wp:featuredmedia":[{"embeddable":true,"href":"https:\/\/businesscenters.cat\/ca\/wp-json\/wp\/v2\/media\/7784"}],"wp:attachment":[{"href":"https:\/\/businesscenters.cat\/ca\/wp-json\/wp\/v2\/media?parent=7794"}],"wp:term":[{"taxonomy":"category","embeddable":true,"href":"https:\/\/businesscenters.cat\/ca\/wp-json\/wp\/v2\/categories?post=7794"},{"taxonomy":"post_tag","embeddable":true,"href":"https:\/\/businesscenters.cat\/ca\/wp-json\/wp\/v2\/tags?post=7794"}],"curies":[{"name":"wp","href":"https:\/\/api.w.org\/{rel}","templated":true}]}}