{"id":7797,"date":"2024-05-27T10:00:30","date_gmt":"2024-05-27T08:00:30","guid":{"rendered":"https:\/\/businesscenters.cat\/?p=7797"},"modified":"2024-04-01T13:50:12","modified_gmt":"2024-04-01T11:50:12","slug":"oci-a-passeig-de-gracia-barcelona","status":"publish","type":"post","link":"https:\/\/businesscenters.cat\/ca\/blog\/oci-a-passeig-de-gracia-barcelona\/","title":{"rendered":"Oci a Passeig de Gr\u00e0cia, Barcelona"},"content":{"rendered":"<p>En el vibrant cor de Barcelona, el <a href=\"https:\/\/businesscenters.cat\/ca\/ubicacion\/centre-negocis-paseo-de-gracia\/\">Passeig de Gr\u00e0cia<\/a> no sols \u00e9s un carrer, sin\u00f3 un veritable epicentre de vida cultural, entreteniment i oci. Amb els seus ic\u00f2nics teatres que han estat testimonis d&#8217;incomptables actuacions memorables i els seus impressionants vetllades musicals que desperten els sentits, aquest districte desborda d&#8217;experi\u00e8ncies que conviden a explorar l&#8217;ess\u00e8ncia de la diversi\u00f3 i la sofisticaci\u00f3.<\/p>\n<p>Des dels passejos pels seus carrers empedrats fins a les parades en boutiques de <strong>renom internacional<\/strong>, cada rac\u00f3 d&#8217;aquest emblem\u00e0tic lloc est\u00e0 impregnat d&#8217;un encant \u00fanic que captiva als qui s&#8217;aventuren a descobrir-lo.<\/p>\n<p>En aquest article, explorem diferents formes d&#8217;oci per a poder gaudir al Passeig de Gr\u00e0cia.<\/p>\n<h2>Teatres i vetllades musicals a Passeig de Gr\u00e0cia<\/h2>\n<p><strong>Teatre T\u00edvoli<\/strong><\/p>\n<p>El <strong>Teatre T\u00edvoli<\/strong> s&#8217;erigeix en el cor de Barcelona, no sols com un edifici emblem\u00e0tic, sin\u00f3 com un testimoni vivent de la rica hist\u00f2ria cultural de la ciutat, la seva arquitectura imponent i el seu llegat art\u00edstic el converteixen en una veritable joia, una finestra al passat que continua inspirant i emocionant a generacions senceres.<\/p>\n<p>Des dels seus modestos inicis com una modesta sala d&#8217;espectacles fins a la seva transformaci\u00f3 en un <strong>epicentre cultural<\/strong>, el Teatre T\u00edvoli ha estat testimoni de l&#8217;evoluci\u00f3 de l&#8217;art esc\u00e8nic a Barcelona. Al llarg dels anys, ha acollit una impressionant varietat d&#8217;esdeveniments, des de representacions d&#8217;\u00f2pera i sarsuela fins a estrenes d&#8217;obres mestres teatrals i projeccions cinematogr\u00e0fiques que han deixat empremta inesborrable en la hist\u00f2ria de l&#8217;entreteniment.<\/p>\n<p>Cada rac\u00f3 del Teatre T\u00edvoli respira hist\u00f2ria i creativitat, des dels intricats detalls arquitect\u00f2nics de la seva fa\u00e7ana fins a l&#8217;esplendor del seu auditori, on la m\u00e0gia cobra vida sobre l&#8217;escenari, cada visita \u00e9s un viatge en el temps, una oportunitat per a submergir-se en la grandesa de <strong>l&#8217;art i la cultura<\/strong>.<\/p>\n<p>Consulta les nostres ofertes actuals en <a href=\"https:\/\/businesscenters.cat\/ca\/serveis\/oficina-virtual-barcelona\/\">oficina virtual<\/a>.<\/p>\n<p><strong>Theatre Flamenco Barcelona City Hall <\/strong><\/p>\n<p>Aquest ic\u00f2nic lloc, abans conegut com el Teatre Barcelona, ha estat testimoni de l&#8217;evoluci\u00f3 cultural de la ciutat al llarg dels segles. Avui dia, aquest recinte emblem\u00e0tic s&#8217;erigeix com un <strong>santuari del flamenc<\/strong>, on la passi\u00f3 i el talent es fusionen en un espectacle enlluernador.<\/p>\n<p>Endinsar-se en aquest espai renovat \u00e9s submergir-se en una experi\u00e8ncia sensorial incomparable, les parets impregnades d&#8217;hist\u00f2ria es fusionen amb una atmosfera moderna i sofisticada, creant l&#8217;escenari perfecte per a una nit inoblidable, des dels cl\u00e0ssics del flamenc fins a les interpretacions m\u00e9s contempor\u00e0nies, el <strong>Theatre Flamenc Barcelona City<\/strong> <strong>Hall<\/strong> ofereix una varietat d&#8217;espectacles que delecten tant als aficionats de tota la vida com a aquells que descobreixen aquesta forma d&#8217;art per primera vegada.<\/p>\n<p>Cada actuaci\u00f3 \u00e9s una celebraci\u00f3 de la cultura espanyola, on la tradici\u00f3 es troba amb la innovaci\u00f3 en un espectacle vibrant i emocionant, els artistes amb la seva destresa i passi\u00f3, captiven al p\u00fablic portant-los en un viatge emocional a trav\u00e9s de la m\u00fasica i el ball. \u00c9s un homenatge a la rica her\u00e8ncia del flamenc, honrant les seves arrels mentre s&#8217;obre pas cap al futur amb una <strong>energia renovada<\/strong>.<\/p>\n<p><img fetchpriority=\"high\" decoding=\"async\" class=\"wp-image-7801 aligncenter\" src=\"https:\/\/businesscenters.cat\/wp-content\/uploads\/2024\/04\/Theatre-Flamenco-Barcelona-City-Hall--300x188.jpg\" alt=\"Theatre Flamenco Barcelona City Hall\" width=\"570\" height=\"357\" srcset=\"https:\/\/businesscenters.cat\/wp-content\/uploads\/2024\/04\/Theatre-Flamenco-Barcelona-City-Hall--300x188.jpg 300w, https:\/\/businesscenters.cat\/wp-content\/uploads\/2024\/04\/Theatre-Flamenco-Barcelona-City-Hall--768x480.jpg 768w, https:\/\/businesscenters.cat\/wp-content\/uploads\/2024\/04\/Theatre-Flamenco-Barcelona-City-Hall-.jpg 800w\" sizes=\"(max-width: 570px) 100vw, 570px\" \/><\/p>\n<p><strong>Vetllades musicals en Passeig de Gr\u00e0cia<\/strong><\/p>\n<p>Durant els c\u00e0lids mesos d&#8217;estiu, el Passeig de Gr\u00e0cia es converteix en l&#8217;escenari d&#8217;un festival sonor que captiva els sentits i embriaga l&#8217;\u00e0nima, en aquest moment de l&#8217;any quan les vetllades musicals emergeixen com a veritables esdeveniments culturals, oferint una <strong>experi\u00e8ncia \u00fanica<\/strong> que fusiona la bellesa arquitect\u00f2nica de la ciutat amb les melodies envolupants de la m\u00fasica en viu.<\/p>\n<p>Des dels primers concordes que ressonen sota el cel estrellat en el terrat de la <strong>Casa Batll\u00f3<\/strong>, on els murmuris del jazz s&#8217;entrellacen amb el murmuri de la brisa nocturna, fins a les vibracions r\u00edtmiques que omplen l&#8217;aire en les nits de jazz a <strong>la Pedrera<\/strong>, cada nota musical sembla ser un ress\u00f2 de la hist\u00f2ria i l&#8217;esperit vibrant de Barcelona. En aquests llocs emblem\u00e0tics on la m\u00fasica cobra vida, transportant als assistents a un estat d&#8217;\u00e8xtasi sensorial i connexi\u00f3 emocional.<\/p>\n<p>\u00c9s un festival per als sentits, on la m\u00fasica es converteix en el fil conductor que uneix a persones de totes les edats i or\u00edgens en una celebraci\u00f3 de la vida i la creativitat.<\/p>\n<h2>Centres comercials a prop de Passeig de Gr\u00e0cia<\/h2>\n<p>Per als amants de les compres, el Passeig de Gr\u00e0cia ofereix una experi\u00e8ncia \u00fanica i tamb\u00e9 s\u2019ubica molt a prop de centres comercials de primer nivell, des de l&#8217;exclusivitat del Triangle Centri Comercial fins a l&#8217;amplitud i varietat de Diagonal Mar, hi ha alguna cosa per a tots els gustos i estils.<\/p>\n<p><strong>El Triangle Centre Comercial <\/strong><\/p>\n<p>Aquest centre comercial est\u00e0 meticulosament dissenyat per a satisfer els m\u00e9s alts est\u00e0ndards d&#8217;eleg\u00e0ncia i refinament, aquest dest\u00ed de compres de renom internacional \u00e9s molt m\u00e9s que un simple centre comercial; \u00e9s un santuari per a aquells que busquen el <strong>millor en moda<\/strong>, accessoris i articles de luxe.<\/p>\n<p>Compta amb una selecci\u00f3 acuradament curada de botigues d&#8217;alta gamma que presenten les marques de dissenyadors m\u00e9s cobejades del m\u00f3n, des de les ic\u00f2niques casa de moda fins a les <strong>boutiques exclusives<\/strong>, cada rac\u00f3 d&#8217;aquest centre comercial traspua eleg\u00e0ncia i sofisticaci\u00f3.<\/p>\n<p>En <strong>El Triangle<\/strong> pots gaudir d&#8217;un ambient exclusiu i refinat mentre passeges pels seus elegants passadissos i admires l&#8217;arquitectura impressionant, podr\u00e0s relaxar-te en espais de descans dissenyats amb un estil modern i acollidor, o gaudir d&#8217;un caf\u00e8 en una de les seves cafeteries de moda mentre contemples la bull\u00edcia de la vida urbana des de la comoditat de les seves instal\u00b7lacions.<\/p>\n<p>Consulta les nostres ofertes actuals en <a href=\"https:\/\/businesscenters.cat\/ca\/serveis\/lloguer-despatxos-oficines-barcelona\/\">lloguer de despatxos<\/a>.<\/p>\n<p><strong>Diagonal Mar<\/strong><\/p>\n<p>Si prefereixes una experi\u00e8ncia de compres m\u00e9s \u00e0mplia i variada, <strong>Diagonal Mar<\/strong> \u00e9s el lloc ideal per a tu, amb m\u00e9s de 200 establiments dedicats a la moda, restauraci\u00f3, oci i altres serveis, aquest centre comercial \u00e9s un parad\u00eds per als amants de les compres.<\/p>\n<p>Des de les \u00faltimes tend\u00e8ncies de moda fins a articles per a la llar i electr\u00f2nica d&#8217;avantguarda, Diagonal Mar ofereix una varietat sense l\u00edmits, pots explorar una <strong>\u00e0mplia gamma<\/strong> de botigues que abasten des de marques m\u00e9s exclusives fins a les opcions m\u00e9s accessibles, assegurant que trobis exactament el que cerques.<\/p>\n<p>La diversi\u00f3 a Diagonal Mar no es limita a les compres i la gastronomia, amb <strong>activitats d&#8217;oci<\/strong> per a totes les edats, aquest centre comercial garanteix una experi\u00e8ncia divertida i emocionant per a tota la fam\u00edlia, des de cinemes i pistes de bitlles fins a \u00e0rees de jocs i espais de recreaci\u00f3 a l&#8217;aire lliure, sempre hi ha una cosa emocionant que fer despr\u00e9s d&#8217;explorar les botigues.<\/p>\n<p><img decoding=\"async\" class=\"wp-image-7804 aligncenter\" src=\"https:\/\/businesscenters.cat\/wp-content\/uploads\/2024\/04\/Diagonal-Mar-300x188.jpg\" alt=\"Diagonal Mar\" width=\"570\" height=\"357\" srcset=\"https:\/\/businesscenters.cat\/wp-content\/uploads\/2024\/04\/Diagonal-Mar-300x188.jpg 300w, https:\/\/businesscenters.cat\/wp-content\/uploads\/2024\/04\/Diagonal-Mar-768x480.jpg 768w, https:\/\/businesscenters.cat\/wp-content\/uploads\/2024\/04\/Diagonal-Mar.jpg 800w\" sizes=\"(max-width: 570px) 100vw, 570px\" \/><\/p>\n<h2>Corcega Business Centers: el teu espai de negocis en Passeig de Gr\u00e0cia<\/h2>\n<p>Situat en el prestigi\u00f3s Passeig de Gr\u00e0cia, <a href=\"https:\/\/businesscenters.cat\/ca\/\">Corcega Business Centers<\/a> ofereix un entorn de treball incomparable en el cor de Barcelona. Amb una ubicaci\u00f3 privilegiada i serveis de primera classe, el nostre centre de negocis \u00e9s el lloc ideal per a establir i fer cr\u00e9ixer la teva empresa, des d&#8217;espais d&#8217;oficina completament equipats fins a sales de reunions modernes, estem compromesos a proporcionar solucions empresarials que s&#8217;adaptin a les teves necessitats.<\/p>\n","protected":false},"excerpt":{"rendered":"<p>En el vibrant cor de Barcelona, el Passeig de Gr\u00e0cia no sols \u00e9s un carrer, sin\u00f3 un veritable epicentre de vida cultural, entreteniment i oci. Amb els seus ic\u00f2nics teatres que han estat testimonis d&#8217;incomptables actuacions memorables i els seus impressionants vetllades musicals que desperten els sentits, aquest districte desborda d&#8217;experi\u00e8ncies que conviden a explorar [&hellip;]<\/p>\n","protected":false},"author":9,"featured_media":7798,"comment_status":"open","ping_status":"open","sticky":false,"template":"","format":"standard","meta":{"site-sidebar-layout":"default","site-content-layout":"","ast-site-content-layout":"default","site-content-style":"default","site-sidebar-style":"default","ast-global-header-display":"","ast-banner-title-visibility":"","ast-main-header-display":"","ast-hfb-above-header-display":"","ast-hfb-below-header-display":"","ast-hfb-mobile-header-display":"","site-post-title":"","ast-breadcrumbs-content":"","ast-featured-img":"","footer-sml-layout":"","theme-transparent-header-meta":"default","adv-header-id-meta":"","stick-header-meta":"","header-above-stick-meta":"","header-main-stick-meta":"","header-below-stick-meta":"","astra-migrate-meta-layouts":"set","ast-page-background-enabled":"default","ast-page-background-meta":{"desktop":{"background-color":"","background-image":"","background-repeat":"repeat","background-position":"center center","background-size":"auto","background-attachment":"scroll","background-type":"","background-media":"","overlay-type":"","overlay-color":"","overlay-gradient":""},"tablet":{"background-color":"","background-image":"","background-repeat":"repeat","background-position":"center center","background-size":"auto","background-attachment":"scroll","background-type":"","background-media":"","overlay-type":"","overlay-color":"","overlay-gradient":""},"mobile":{"background-color":"","background-image":"","background-repeat":"repeat","background-position":"center center","background-size":"auto","background-attachment":"scroll","background-type":"","background-media":"","overlay-type":"","overlay-color":"","overlay-gradient":""}},"ast-content-background-meta":{"desktop":{"background-color":"var(--ast-global-color-5)","background-image":"","background-repeat":"repeat","background-position":"center center","background-size":"auto","background-attachment":"scroll","background-type":"","background-media":"","overlay-type":"","overlay-color":"","overlay-gradient":""},"tablet":{"background-color":"var(--ast-global-color-5)","background-image":"","background-repeat":"repeat","background-position":"center center","background-size":"auto","background-attachment":"scroll","background-type":"","background-media":"","overlay-type":"","overlay-color":"","overlay-gradient":""},"mobile":{"background-color":"var(--ast-global-color-5)","background-image":"","background-repeat":"repeat","background-position":"center center","background-size":"auto","background-attachment":"scroll","background-type":"","background-media":"","overlay-type":"","overlay-color":"","overlay-gradient":""}},"_joinchat":[],"footnotes":""},"categories":[8],"tags":[219,258,507,151,444,154,153,147,108],"class_list":["post-7797","post","type-post","status-publish","format-standard","has-post-thumbnail","hentry","category-uncategorized-ca","tag-abogados-barcelona-ca","tag-lloguer-despatx-a-barcelona-ca","tag-lloguer-oficines-barcelona","tag-maquines-de-vending","tag-oficines-barcelona","tag-recepcio-amb-personal-professional-al-carrec","tag-sales-despera","tag-servei-de-traduccions-barcelona","tag-startup-barcelona"],"yoast_head":"<!-- This site is optimized with the Yoast SEO plugin v24.8.1 - https:\/\/yoast.com\/wordpress\/plugins\/seo\/ -->\n<title>Oci a Passeig de Gr\u00e0cia, Barcelona<\/title>\n<meta name=\"description\" content=\"Descobreix el lleure al Passeig de Gr\u00e0cia, Barcelona: teatres, m\u00fasica en directe i compres de luxe. Descobreix-ne m\u00e9s aqu\u00ed!\" \/>\n<meta name=\"robots\" content=\"index, follow, max-snippet:-1, max-image-preview:large, max-video-preview:-1\" \/>\n<link rel=\"canonical\" href=\"https:\/\/businesscenters.cat\/ca\/blog\/oci-a-passeig-de-gracia-barcelona\/\" \/>\n<meta property=\"og:locale\" content=\"ca_ES\" \/>\n<meta property=\"og:type\" content=\"article\" \/>\n<meta property=\"og:title\" content=\"Oci a Passeig de Gr\u00e0cia, Barcelona\" \/>\n<meta property=\"og:description\" content=\"Descobreix el lleure al Passeig de Gr\u00e0cia, Barcelona: teatres, m\u00fasica en directe i compres de luxe. Descobreix-ne m\u00e9s aqu\u00ed!\" \/>\n<meta property=\"og:url\" content=\"https:\/\/businesscenters.cat\/ca\/blog\/oci-a-passeig-de-gracia-barcelona\/\" \/>\n<meta property=\"og:site_name\" content=\"Business Centers Barcelona\" \/>\n<meta property=\"article:published_time\" content=\"2024-05-27T08:00:30+00:00\" \/>\n<meta property=\"og:image\" content=\"https:\/\/businesscenters.cat\/wp-content\/uploads\/2024\/04\/Ocio-en-Paseo-de-Gracia-Barcelona.jpg\" \/>\n\t<meta property=\"og:image:width\" content=\"1140\" \/>\n\t<meta property=\"og:image:height\" content=\"642\" \/>\n\t<meta property=\"og:image:type\" content=\"image\/jpeg\" \/>\n<meta name=\"author\" content=\"Amaya Morlans\" \/>\n<meta name=\"twitter:card\" content=\"summary_large_image\" \/>\n<meta name=\"twitter:label1\" content=\"Escrit per\" \/>\n\t<meta name=\"twitter:data1\" content=\"Amaya Morlans\" \/>\n\t<meta name=\"twitter:label2\" content=\"Temps estimat de lectura\" \/>\n\t<meta name=\"twitter:data2\" content=\"6 minuts\" \/>\n<script type=\"application\/ld+json\" class=\"yoast-schema-graph\">{\"@context\":\"https:\/\/schema.org\",\"@graph\":[{\"@type\":\"Article\",\"@id\":\"https:\/\/businesscenters.cat\/ca\/blog\/oci-a-passeig-de-gracia-barcelona\/#article\",\"isPartOf\":{\"@id\":\"https:\/\/businesscenters.cat\/ca\/blog\/oci-a-passeig-de-gracia-barcelona\/\"},\"author\":{\"name\":\"Amaya Morlans\",\"@id\":\"https:\/\/businesscenters.cat\/ca\/#\/schema\/person\/603ecda97c8f0947e116a2b7f86eaa66\"},\"headline\":\"Oci a Passeig de Gr\u00e0cia, Barcelona\",\"datePublished\":\"2024-05-27T08:00:30+00:00\",\"mainEntityOfPage\":{\"@id\":\"https:\/\/businesscenters.cat\/ca\/blog\/oci-a-passeig-de-gracia-barcelona\/\"},\"wordCount\":1276,\"commentCount\":0,\"publisher\":{\"@id\":\"https:\/\/businesscenters.cat\/ca\/#organization\"},\"image\":{\"@id\":\"https:\/\/businesscenters.cat\/ca\/blog\/oci-a-passeig-de-gracia-barcelona\/#primaryimage\"},\"thumbnailUrl\":\"https:\/\/businesscenters.cat\/wp-content\/uploads\/2024\/04\/Ocio-en-Paseo-de-Gracia-Barcelona.jpg\",\"keywords\":[\"abogados Barcelona\",\"lloguer despatx a barcelona\",\"Lloguer oficines Barcelona\",\"m\u00e0quines de vending\",\"oficines barcelona\",\"recepci\u00f3 amb personal professional al c\u00e0rrec\",\"sales d'espera\",\"Servei de traduccions barcelona\",\"STARTUP BARCELONA\"],\"articleSection\":[\"Uncategorized @ca\"],\"inLanguage\":\"ca\",\"potentialAction\":[{\"@type\":\"CommentAction\",\"name\":\"Comment\",\"target\":[\"https:\/\/businesscenters.cat\/ca\/blog\/oci-a-passeig-de-gracia-barcelona\/#respond\"]}]},{\"@type\":\"WebPage\",\"@id\":\"https:\/\/businesscenters.cat\/ca\/blog\/oci-a-passeig-de-gracia-barcelona\/\",\"url\":\"https:\/\/businesscenters.cat\/ca\/blog\/oci-a-passeig-de-gracia-barcelona\/\",\"name\":\"Oci a Passeig de Gr\u00e0cia, Barcelona\",\"isPartOf\":{\"@id\":\"https:\/\/businesscenters.cat\/ca\/#website\"},\"primaryImageOfPage\":{\"@id\":\"https:\/\/businesscenters.cat\/ca\/blog\/oci-a-passeig-de-gracia-barcelona\/#primaryimage\"},\"image\":{\"@id\":\"https:\/\/businesscenters.cat\/ca\/blog\/oci-a-passeig-de-gracia-barcelona\/#primaryimage\"},\"thumbnailUrl\":\"https:\/\/businesscenters.cat\/wp-content\/uploads\/2024\/04\/Ocio-en-Paseo-de-Gracia-Barcelona.jpg\",\"datePublished\":\"2024-05-27T08:00:30+00:00\",\"description\":\"Descobreix el lleure al Passeig de Gr\u00e0cia, Barcelona: teatres, m\u00fasica en directe i compres de luxe. Descobreix-ne m\u00e9s aqu\u00ed!\",\"breadcrumb\":{\"@id\":\"https:\/\/businesscenters.cat\/ca\/blog\/oci-a-passeig-de-gracia-barcelona\/#breadcrumb\"},\"inLanguage\":\"ca\",\"potentialAction\":[{\"@type\":\"ReadAction\",\"target\":[\"https:\/\/businesscenters.cat\/ca\/blog\/oci-a-passeig-de-gracia-barcelona\/\"]}]},{\"@type\":\"ImageObject\",\"inLanguage\":\"ca\",\"@id\":\"https:\/\/businesscenters.cat\/ca\/blog\/oci-a-passeig-de-gracia-barcelona\/#primaryimage\",\"url\":\"https:\/\/businesscenters.cat\/wp-content\/uploads\/2024\/04\/Ocio-en-Paseo-de-Gracia-Barcelona.jpg\",\"contentUrl\":\"https:\/\/businesscenters.cat\/wp-content\/uploads\/2024\/04\/Ocio-en-Paseo-de-Gracia-Barcelona.jpg\",\"width\":1140,\"height\":642,\"caption\":\"Ocio en Paseo de Gracia, Barcelona\"},{\"@type\":\"BreadcrumbList\",\"@id\":\"https:\/\/businesscenters.cat\/ca\/blog\/oci-a-passeig-de-gracia-barcelona\/#breadcrumb\",\"itemListElement\":[{\"@type\":\"ListItem\",\"position\":1,\"name\":\"Portada\",\"item\":\"https:\/\/businesscenters.cat\/ca\/\"},{\"@type\":\"ListItem\",\"position\":2,\"name\":\"Oci a Passeig de Gr\u00e0cia, Barcelona\"}]},{\"@type\":\"WebSite\",\"@id\":\"https:\/\/businesscenters.cat\/ca\/#website\",\"url\":\"https:\/\/businesscenters.cat\/ca\/\",\"name\":\"Business Centers Barcelona\",\"description\":\"Alquiler de oficinas, despachos y coworking en el centro de Barcelona\",\"publisher\":{\"@id\":\"https:\/\/businesscenters.cat\/ca\/#organization\"},\"potentialAction\":[{\"@type\":\"SearchAction\",\"target\":{\"@type\":\"EntryPoint\",\"urlTemplate\":\"https:\/\/businesscenters.cat\/ca\/?s={search_term_string}\"},\"query-input\":{\"@type\":\"PropertyValueSpecification\",\"valueRequired\":true,\"valueName\":\"search_term_string\"}}],\"inLanguage\":\"ca\"},{\"@type\":\"Organization\",\"@id\":\"https:\/\/businesscenters.cat\/ca\/#organization\",\"name\":\"Business Centers Barcelona\",\"url\":\"https:\/\/businesscenters.cat\/ca\/\",\"logo\":{\"@type\":\"ImageObject\",\"inLanguage\":\"ca\",\"@id\":\"https:\/\/businesscenters.cat\/ca\/#\/schema\/logo\/image\/\",\"url\":\"https:\/\/businesscenters.cat\/wp-content\/uploads\/2018\/09\/business-logo-w.png\",\"contentUrl\":\"https:\/\/businesscenters.cat\/wp-content\/uploads\/2018\/09\/business-logo-w.png\",\"width\":250,\"height\":105,\"caption\":\"Business Centers Barcelona\"},\"image\":{\"@id\":\"https:\/\/businesscenters.cat\/ca\/#\/schema\/logo\/image\/\"}},{\"@type\":\"Person\",\"@id\":\"https:\/\/businesscenters.cat\/ca\/#\/schema\/person\/603ecda97c8f0947e116a2b7f86eaa66\",\"name\":\"Amaya Morlans\",\"image\":{\"@type\":\"ImageObject\",\"inLanguage\":\"ca\",\"@id\":\"https:\/\/businesscenters.cat\/ca\/#\/schema\/person\/image\/\",\"url\":\"https:\/\/secure.gravatar.com\/avatar\/5a787c54ec35f07dae49a7353e043d58?s=96&d=mm&r=g\",\"contentUrl\":\"https:\/\/secure.gravatar.com\/avatar\/5a787c54ec35f07dae49a7353e043d58?s=96&d=mm&r=g\",\"caption\":\"Amaya Morlans\"},\"url\":\"https:\/\/businesscenters.cat\/ca\/blog\/author\/amaya-memorandum\/\"}]}<\/script>\n<!-- \/ Yoast SEO plugin. -->","yoast_head_json":{"title":"Oci a Passeig de Gr\u00e0cia, Barcelona","description":"Descobreix el lleure al Passeig de Gr\u00e0cia, Barcelona: teatres, m\u00fasica en directe i compres de luxe. Descobreix-ne m\u00e9s aqu\u00ed!","robots":{"index":"index","follow":"follow","max-snippet":"max-snippet:-1","max-image-preview":"max-image-preview:large","max-video-preview":"max-video-preview:-1"},"canonical":"https:\/\/businesscenters.cat\/ca\/blog\/oci-a-passeig-de-gracia-barcelona\/","og_locale":"ca_ES","og_type":"article","og_title":"Oci a Passeig de Gr\u00e0cia, Barcelona","og_description":"Descobreix el lleure al Passeig de Gr\u00e0cia, Barcelona: teatres, m\u00fasica en directe i compres de luxe. Descobreix-ne m\u00e9s aqu\u00ed!","og_url":"https:\/\/businesscenters.cat\/ca\/blog\/oci-a-passeig-de-gracia-barcelona\/","og_site_name":"Business Centers Barcelona","article_published_time":"2024-05-27T08:00:30+00:00","og_image":[{"width":1140,"height":642,"url":"https:\/\/businesscenters.cat\/wp-content\/uploads\/2024\/04\/Ocio-en-Paseo-de-Gracia-Barcelona.jpg","type":"image\/jpeg"}],"author":"Amaya Morlans","twitter_card":"summary_large_image","twitter_misc":{"Escrit per":"Amaya Morlans","Temps estimat de lectura":"6 minuts"},"schema":{"@context":"https:\/\/schema.org","@graph":[{"@type":"Article","@id":"https:\/\/businesscenters.cat\/ca\/blog\/oci-a-passeig-de-gracia-barcelona\/#article","isPartOf":{"@id":"https:\/\/businesscenters.cat\/ca\/blog\/oci-a-passeig-de-gracia-barcelona\/"},"author":{"name":"Amaya Morlans","@id":"https:\/\/businesscenters.cat\/ca\/#\/schema\/person\/603ecda97c8f0947e116a2b7f86eaa66"},"headline":"Oci a Passeig de Gr\u00e0cia, Barcelona","datePublished":"2024-05-27T08:00:30+00:00","mainEntityOfPage":{"@id":"https:\/\/businesscenters.cat\/ca\/blog\/oci-a-passeig-de-gracia-barcelona\/"},"wordCount":1276,"commentCount":0,"publisher":{"@id":"https:\/\/businesscenters.cat\/ca\/#organization"},"image":{"@id":"https:\/\/businesscenters.cat\/ca\/blog\/oci-a-passeig-de-gracia-barcelona\/#primaryimage"},"thumbnailUrl":"https:\/\/businesscenters.cat\/wp-content\/uploads\/2024\/04\/Ocio-en-Paseo-de-Gracia-Barcelona.jpg","keywords":["abogados Barcelona","lloguer despatx a barcelona","Lloguer oficines Barcelona","m\u00e0quines de vending","oficines barcelona","recepci\u00f3 amb personal professional al c\u00e0rrec","sales d'espera","Servei de traduccions barcelona","STARTUP BARCELONA"],"articleSection":["Uncategorized @ca"],"inLanguage":"ca","potentialAction":[{"@type":"CommentAction","name":"Comment","target":["https:\/\/businesscenters.cat\/ca\/blog\/oci-a-passeig-de-gracia-barcelona\/#respond"]}]},{"@type":"WebPage","@id":"https:\/\/businesscenters.cat\/ca\/blog\/oci-a-passeig-de-gracia-barcelona\/","url":"https:\/\/businesscenters.cat\/ca\/blog\/oci-a-passeig-de-gracia-barcelona\/","name":"Oci a Passeig de Gr\u00e0cia, Barcelona","isPartOf":{"@id":"https:\/\/businesscenters.cat\/ca\/#website"},"primaryImageOfPage":{"@id":"https:\/\/businesscenters.cat\/ca\/blog\/oci-a-passeig-de-gracia-barcelona\/#primaryimage"},"image":{"@id":"https:\/\/businesscenters.cat\/ca\/blog\/oci-a-passeig-de-gracia-barcelona\/#primaryimage"},"thumbnailUrl":"https:\/\/businesscenters.cat\/wp-content\/uploads\/2024\/04\/Ocio-en-Paseo-de-Gracia-Barcelona.jpg","datePublished":"2024-05-27T08:00:30+00:00","description":"Descobreix el lleure al Passeig de Gr\u00e0cia, Barcelona: teatres, m\u00fasica en directe i compres de luxe. Descobreix-ne m\u00e9s aqu\u00ed!","breadcrumb":{"@id":"https:\/\/businesscenters.cat\/ca\/blog\/oci-a-passeig-de-gracia-barcelona\/#breadcrumb"},"inLanguage":"ca","potentialAction":[{"@type":"ReadAction","target":["https:\/\/businesscenters.cat\/ca\/blog\/oci-a-passeig-de-gracia-barcelona\/"]}]},{"@type":"ImageObject","inLanguage":"ca","@id":"https:\/\/businesscenters.cat\/ca\/blog\/oci-a-passeig-de-gracia-barcelona\/#primaryimage","url":"https:\/\/businesscenters.cat\/wp-content\/uploads\/2024\/04\/Ocio-en-Paseo-de-Gracia-Barcelona.jpg","contentUrl":"https:\/\/businesscenters.cat\/wp-content\/uploads\/2024\/04\/Ocio-en-Paseo-de-Gracia-Barcelona.jpg","width":1140,"height":642,"caption":"Ocio en Paseo de Gracia, Barcelona"},{"@type":"BreadcrumbList","@id":"https:\/\/businesscenters.cat\/ca\/blog\/oci-a-passeig-de-gracia-barcelona\/#breadcrumb","itemListElement":[{"@type":"ListItem","position":1,"name":"Portada","item":"https:\/\/businesscenters.cat\/ca\/"},{"@type":"ListItem","position":2,"name":"Oci a Passeig de Gr\u00e0cia, Barcelona"}]},{"@type":"WebSite","@id":"https:\/\/businesscenters.cat\/ca\/#website","url":"https:\/\/businesscenters.cat\/ca\/","name":"Business Centers Barcelona","description":"Alquiler de oficinas, despachos y coworking en el centro de Barcelona","publisher":{"@id":"https:\/\/businesscenters.cat\/ca\/#organization"},"potentialAction":[{"@type":"SearchAction","target":{"@type":"EntryPoint","urlTemplate":"https:\/\/businesscenters.cat\/ca\/?s={search_term_string}"},"query-input":{"@type":"PropertyValueSpecification","valueRequired":true,"valueName":"search_term_string"}}],"inLanguage":"ca"},{"@type":"Organization","@id":"https:\/\/businesscenters.cat\/ca\/#organization","name":"Business Centers Barcelona","url":"https:\/\/businesscenters.cat\/ca\/","logo":{"@type":"ImageObject","inLanguage":"ca","@id":"https:\/\/businesscenters.cat\/ca\/#\/schema\/logo\/image\/","url":"https:\/\/businesscenters.cat\/wp-content\/uploads\/2018\/09\/business-logo-w.png","contentUrl":"https:\/\/businesscenters.cat\/wp-content\/uploads\/2018\/09\/business-logo-w.png","width":250,"height":105,"caption":"Business Centers Barcelona"},"image":{"@id":"https:\/\/businesscenters.cat\/ca\/#\/schema\/logo\/image\/"}},{"@type":"Person","@id":"https:\/\/businesscenters.cat\/ca\/#\/schema\/person\/603ecda97c8f0947e116a2b7f86eaa66","name":"Amaya Morlans","image":{"@type":"ImageObject","inLanguage":"ca","@id":"https:\/\/businesscenters.cat\/ca\/#\/schema\/person\/image\/","url":"https:\/\/secure.gravatar.com\/avatar\/5a787c54ec35f07dae49a7353e043d58?s=96&d=mm&r=g","contentUrl":"https:\/\/secure.gravatar.com\/avatar\/5a787c54ec35f07dae49a7353e043d58?s=96&d=mm&r=g","caption":"Amaya Morlans"},"url":"https:\/\/businesscenters.cat\/ca\/blog\/author\/amaya-memorandum\/"}]}},"_links":{"self":[{"href":"https:\/\/businesscenters.cat\/ca\/wp-json\/wp\/v2\/posts\/7797","targetHints":{"allow":["GET"]}}],"collection":[{"href":"https:\/\/businesscenters.cat\/ca\/wp-json\/wp\/v2\/posts"}],"about":[{"href":"https:\/\/businesscenters.cat\/ca\/wp-json\/wp\/v2\/types\/post"}],"author":[{"embeddable":true,"href":"https:\/\/businesscenters.cat\/ca\/wp-json\/wp\/v2\/users\/9"}],"replies":[{"embeddable":true,"href":"https:\/\/businesscenters.cat\/ca\/wp-json\/wp\/v2\/comments?post=7797"}],"version-history":[{"count":0,"href":"https:\/\/businesscenters.cat\/ca\/wp-json\/wp\/v2\/posts\/7797\/revisions"}],"wp:featuredmedia":[{"embeddable":true,"href":"https:\/\/businesscenters.cat\/ca\/wp-json\/wp\/v2\/media\/7798"}],"wp:attachment":[{"href":"https:\/\/businesscenters.cat\/ca\/wp-json\/wp\/v2\/media?parent=7797"}],"wp:term":[{"taxonomy":"category","embeddable":true,"href":"https:\/\/businesscenters.cat\/ca\/wp-json\/wp\/v2\/categories?post=7797"},{"taxonomy":"post_tag","embeddable":true,"href":"https:\/\/businesscenters.cat\/ca\/wp-json\/wp\/v2\/tags?post=7797"}],"curies":[{"name":"wp","href":"https:\/\/api.w.org\/{rel}","templated":true}]}}