{"id":9192,"date":"2026-07-30T10:30:08","date_gmt":"2026-07-30T08:30:08","guid":{"rendered":"https:\/\/businesscenters.cat\/?p=9192"},"modified":"2026-09-04T12:48:39","modified_gmt":"2026-09-04T10:48:39","slug":"passeig-de-gracia-12-ubicacio-estrategica-per-a-reunions","status":"publish","type":"post","link":"https:\/\/businesscenters.cat\/ca\/blog\/passeig-de-gracia-12-ubicacio-estrategica-per-a-reunions\/","title":{"rendered":"Passeig de Gr\u00e0cia 12: ubicaci\u00f3 estrat\u00e8gica per a reunions"},"content":{"rendered":"<p>Escollir el lloc adequat per a una reuni\u00f3 professional pot influir molt m\u00e9s del que sembla en la percepci\u00f3 d\u2019una empresa. No es tracta \u00fanicament de disposar d\u2019una sala c\u00f2moda o de comptar amb els recursos t\u00e8cnics necessaris. La ubicaci\u00f3, l\u2019entorn, la facilitat d\u2019acc\u00e9s i la imatge que transmet l\u2019espai tamb\u00e9 formen part de l\u2019experi\u00e8ncia del client.<\/p>\n<p>En aquest sentit, el <strong>Passeig de Gr\u00e0cia 12<\/strong> \u00e9s una de les adreces m\u00e9s estrat\u00e8giques per organitzar reunions professionals a Barcelona. Situat en ple centre de la ciutat, en una de les zones empresarials, comercials i representatives m\u00e9s reconegudes, aquest enclavament ofereix una combinaci\u00f3 molt valuosa: accessibilitat, prestigi, comoditat i professionalitat.<\/p>\n<p>Per a empreses, aut\u00f2noms, despatxos professionals o equips que necessiten reunir-se amb clients, prove\u00efdors, col\u00b7laboradors o socis, comptar amb <u><a href=\"https:\/\/businesscenters.cat\/ca\/serveis\/sales-reunions-barcelona\/\">sales de reunions<\/a><\/u> al <strong>Passeig de Gr\u00e0cia<\/strong> suposa un avantatge competitiu. No nom\u00e9s facilita els despla\u00e7aments, sin\u00f3 que tamb\u00e9 ajuda a projectar una imatge cuidada, seriosa i alineada amb un entorn de negocis de primer nivell.<\/p>\n<h2>Una adre\u00e7a que transmet imatge professional des del primer moment<\/h2>\n<p>La primera impressi\u00f3 compta. Quan un client rep una convocat\u00f2ria per a una reuni\u00f3 al <strong>Passeig de Gr\u00e0cia<\/strong>, percep d\u2019entrada que es tracta d\u2019una ubicaci\u00f3 c\u00e8ntrica, reconeixible i ben comunicada. Aquesta avinguda \u00e9s una de les m\u00e9s emblem\u00e0tiques de Barcelona i concentra activitat empresarial, comer\u00e7os, serveis, hotels, restauraci\u00f3 i edificis representatius.<\/p>\n<p>Per aix\u00f2, reunir-se en una adre\u00e7a com el <strong>Passeig de Gr\u00e0cia 12<\/strong> no \u00e9s un detall menor. La ubicaci\u00f3 ajuda a refor\u00e7ar la imatge de professionalitat de l\u2019empresa i genera una sensaci\u00f3 de confian\u00e7a fins i tot abans que comenci la reuni\u00f3.<\/p>\n<p>Aquest aspecte \u00e9s especialment rellevant per a professionals que no disposen d\u2019una oficina pr\u00f2pia al centre de Barcelona o que treballen de manera h\u00edbrida, per\u00f2 necessiten rebre els seus clients en un entorn adequat. Una cafeteria o una videotrucada poden servir per a certes trobades informals, per\u00f2 quan es tracta de presentar una proposta, tancar un acord, atendre una negociaci\u00f3 o fer una entrevista, l\u2019espai escollit ha d\u2019estar a l\u2019altura.<\/p>\n<p>En aquests casos, comptar amb una <strong>sala de reunions al centre de Barcelona<\/strong> permet cuidar el context i oferir una experi\u00e8ncia m\u00e9s professional.<\/p>\n<h2>Accessibilitat: un punt clau per facilitar l\u2019assist\u00e8ncia<\/h2>\n<p>Un dels principals motius pels quals el <strong>Passeig de Gr\u00e0cia 12<\/strong> \u00e9s una ubicaci\u00f3 estrat\u00e8gica \u00e9s la seva excel\u00b7lent accessibilitat. En trobar-se en una zona c\u00e8ntrica, resulta c\u00f2mode arribar-hi tant des de diferents punts de Barcelona com des d\u2019altres localitats de l\u2019\u00e0rea metropolitana.<\/p>\n<p>Aix\u00f2 \u00e9s fonamental quan es convoca clients o col\u00b7laboradors externs. Com m\u00e9s f\u00e0cil sigui arribar al punt de reuni\u00f3, menys barreres hi haur\u00e0 perqu\u00e8 la cita es desenvolupi amb normalitat. La comoditat en el despla\u00e7ament tamb\u00e9 redueix retards, evita confusions i millora l\u2019experi\u00e8ncia general dels assistents.<\/p>\n<p>Consulta les nostres ofertes actuals en <u><a href=\"https:\/\/businesscenters.cat\/ca\/serveis\/lloguer-despatxos-oficines-barcelona\/\">lloguer de despatxos<\/a><\/u><\/p>\n<h3>Connexi\u00f3 amb transport p\u00fablic<\/h3>\n<p>La zona del Passeig de Gr\u00e0cia disposa de connexi\u00f3 mitjan\u00e7ant metro, trens de rodalies i diferents l\u00ednies urbanes. L\u2019estaci\u00f3 de Passeig de Gr\u00e0cia connecta amb diverses l\u00ednies de metro, com l\u2019L2 i l\u2019L3, a m\u00e9s d\u2019estar vinculada a l\u2019entorn ferroviari de Rodalies. Aix\u00f2 permet que el despla\u00e7ament sigui c\u00f2mode per a persones que venen des de diferents punts de la ciutat o des de fora de Barcelona.<\/p>\n<p>A m\u00e9s, la proximitat amb el centre neur\u00e0lgic de la ciutat facilita la connexi\u00f3 amb altres estacions importants i amb zones d\u2019alta activitat professional. Per a clients que no coneixen b\u00e9 Barcelona, una adre\u00e7a c\u00e8ntrica i reconeixible tamb\u00e9 resulta molt m\u00e9s f\u00e0cil de localitzar.<\/p>\n<h3>Una ubicaci\u00f3 c\u00f2moda per a clients nacionals i internacionals<\/h3>\n<p>Barcelona rep constantment professionals que viatgen per motius de negoci. En aquest context, disposar d\u2019un punt de reuni\u00f3 en una zona c\u00e8ntrica i ben comunicada \u00e9s un avantatge clar. Els clients que arriben des de l\u2019aeroport, des d\u2019estacions ferrovi\u00e0ries o des d\u2019hotels situats al centre es poden despla\u00e7ar amb m\u00e9s facilitat.<\/p>\n<p>Aix\u00f2 converteix el <strong>Passeig de Gr\u00e0cia 12<\/strong> en una ubicaci\u00f3 especialment pr\u00e0ctica per a reunions amb clients nacionals i internacionals, visites comercials, presentacions de serveis, entrevistes professionals o trobades corporatives.<\/p>\n<h2>Un entorn adequat per a reunions de negoci<\/h2>\n<p>La ubicaci\u00f3 d\u2019una reuni\u00f3 no nom\u00e9s s\u2019ha de valorar per com s\u2019hi arriba, sin\u00f3 tamb\u00e9 pel que ofereix al voltant. El Passeig de Gr\u00e0cia \u00e9s una zona amb una \u00e0mplia oferta de serveis, restauraci\u00f3, hotels i espais professionals. Aix\u00f2 permet complementar la reuni\u00f3 amb altres necessitats habituals en l\u2019entorn empresarial.<\/p>\n<p>Per exemple, despr\u00e9s d\u2019una reuni\u00f3 pot ser necessari continuar la conversa en un restaurant proper, prendre un caf\u00e8 amb el client, allotjar-se en un hotel pr\u00f2xim o despla\u00e7ar-se a un altre punt c\u00e8ntric de la ciutat. Estar en una zona amb tots aquests serveis al voltant facilita l\u2019organitzaci\u00f3 i millora l\u2019experi\u00e8ncia dels assistents.<\/p>\n<p>Aquest tipus d\u2019entorn aporta flexibilitat. No \u00e9s el mateix convocar una reuni\u00f3 en una zona allunyada o amb poques opcions al voltant que fer-ho en un punt on tot \u00e9s a prop. En l\u2019\u00e0mbit professional, aquesta comoditat es tradueix en una millor planificaci\u00f3 i en una percepci\u00f3 m\u00e9s positiva per part del client.<\/p>\n<ul>\n<li>Consulta tots els <u><a href=\"https:\/\/businesscenters.cat\/ca\/serveis\/serveis-addicionals\/\">serveis<\/a><\/u> que oferim a C\u00f3rcega Business Centers<\/li>\n<\/ul>\n<h2>Sales de reunions preparades per projectar confian\u00e7a<\/h2>\n<p>Una bona ubicaci\u00f3 ha d\u2019anar acompanyada d\u2019un espai adequat. A C\u00f3rcega Business Center, les <strong>sales de reunions al Passeig de Gr\u00e0cia<\/strong> estan pensades per a empreses i professionals que necessiten reunir-se en un entorn c\u00f2mode, funcional i professional.<\/p>\n<p>Aquest tipus d\u2019espais permet organitzar diferents formats de reuni\u00f3: trobades amb clients, presentacions comercials, entrevistes, sessions de treball, reunions d\u2019equip, formacions redu\u00efdes o videoconfer\u00e8ncies. La clau \u00e9s disposar d\u2019un lloc preparat, amb una imatge cuidada i amb els recursos necessaris perqu\u00e8 la reuni\u00f3 es desenvolupi correctament.<\/p>\n<h3>M\u00e9s professional que una reuni\u00f3 improvisada<\/h3>\n<p>En moltes ocasions, els professionals que treballen des de casa, des d\u2019espais compartits o en modalitat remota necessiten un lloc puntual per rebre un client. Tot i que existeixen alternatives informals, com cafeteries o espais p\u00fablics, no sempre ofereixen prou privacitat, comoditat o silenci.<\/p>\n<p>Una <strong>sala de reunions professional a Barcelona<\/strong> permet evitar aquests problemes. El client percep un entorn m\u00e9s seri\u00f3s, la conversa es pot desenvolupar amb m\u00e9s privacitat i els assistents disposen d\u2019un espai preparat per centrar-se en els temes importants.<\/p>\n<p>A m\u00e9s, aquest tipus de sales ajuden a separar all\u00f2 informal d\u2019all\u00f2 professional. Quan s\u2019ha de tractar informaci\u00f3 sensible, pressupostos, acords comercials o decisions estrat\u00e8giques, disposar d\u2019un entorn adequat \u00e9s una q\u00fcesti\u00f3 d\u2019imatge, per\u00f2 tamb\u00e9 d\u2019efic\u00e0cia.<\/p>\n<h2>Passeig de Gr\u00e0cia 12 com a punt de trobada empresarial<\/h2>\n<p>Un dels avantatges d\u2019una ubicaci\u00f3 c\u00e8ntrica \u00e9s que pot funcionar com a punt de trobada neutral. Aix\u00f2 resulta molt \u00fatil quan els assistents procedeixen de diferents zones o quan cap de les parts vol despla\u00e7ar-se fins a l\u2019oficina de l\u2019altra empresa.<\/p>\n<p>En aquests casos, llogar una <strong>sala de reunions al Passeig de Gr\u00e0cia<\/strong> permet convocar la reuni\u00f3 en un lloc equilibrat, accessible i representatiu. Aquesta soluci\u00f3 \u00e9s especialment interessant per a consultors, assessors, advocats, ag\u00e8ncies, empreses comercials, professionals independents o companyies que operen en diverses ciutats.<\/p>\n<p>Tamb\u00e9 pot ser una bona opci\u00f3 per a empreses que no tenen seu f\u00edsica a Barcelona, per\u00f2 necessiten mantenir pres\u00e8ncia puntual a la ciutat. En lloc d\u2019assumir el cost d\u2019una oficina permanent, poden reservar una sala quan realment la necessiten i continuar oferint una imatge professional davant els seus clients.<\/p>\n<p>Consulta les nostres ofertes actuals en <u><a href=\"https:\/\/businesscenters.cat\/ca\/serveis\/oficina-virtual-barcelona\/\">oficina virtual<\/a><\/u><\/p>\n<h2>Una soluci\u00f3 flexible per a empreses i professionals<\/h2>\n<p>La flexibilitat \u00e9s un altre factor important. No totes les empreses necessiten una oficina fixa durant tot l\u2019any, per\u00f2 moltes s\u00ed que necessiten espais professionals en moments concrets. Reunions comercials, entrevistes, presentacions, sessions de formaci\u00f3 o trobades amb prove\u00efdors s\u00f3n situacions en qu\u00e8 una sala puntual pot resoldre una necessitat real.<\/p>\n<p>En aquest sentit, C\u00f3rcega Business Center ofereix una alternativa pr\u00e0ctica per a qui busca <strong>lloguer de sales de reunions a Barcelona<\/strong> sense assumir compromisos innecessaris. Aquesta f\u00f3rmula permet adaptar l\u2019\u00fas de l\u2019espai a cada necessitat concreta, optimitzant recursos i mantenint una imatge cuidada.<\/p>\n<p>A m\u00e9s, per a negocis en creixement, startups, professionals aut\u00f2noms o empreses que treballen per projectes, aquesta flexibilitat pot ser clau. Permet accedir a una ubicaci\u00f3 premium quan es necessita, sense haver de suportar els costos associats a una oficina pr\u00f2pia en una zona c\u00e8ntrica.<\/p>\n<h2>Avantatges de reunir-te amb clients al Passeig de Gr\u00e0cia 12<\/h2>\n<p>Escollir el <strong>Passeig de Gr\u00e0cia 12<\/strong> per a una reuni\u00f3 professional ofereix diversos avantatges clars:<\/p>\n<h3>Ubicaci\u00f3 c\u00e8ntrica i reconeixible<\/h3>\n<p>L\u2019adre\u00e7a \u00e9s f\u00e0cil d\u2019identificar i es troba en una de les zones m\u00e9s conegudes de Barcelona. Aix\u00f2 facilita l\u2019arribada dels assistents i refor\u00e7a la imatge professional de la convocat\u00f2ria.<\/p>\n<h3>Bones connexions de transport<\/h3>\n<p>La zona disposa de connexions mitjan\u00e7ant metro, tren i transport urb\u00e0, fet que permet arribar-hi des de diferents punts de la ciutat i de l\u2019\u00e0rea metropolitana.<\/p>\n<h3>Entorn empresarial i comercial<\/h3>\n<p>El Passeig de Gr\u00e0cia \u00e9s una zona activa, representativa i amb una \u00e0mplia oferta de serveis al voltant. Aix\u00f2 aporta comoditat abans, durant i despr\u00e9s de la reuni\u00f3.<\/p>\n<h3>Imatge professional davant el client<\/h3>\n<p>Celebrar una reuni\u00f3 en una sala preparada transmet serietat, organitzaci\u00f3 i atenci\u00f3 al detall. Aix\u00f2 pot influir positivament en la percepci\u00f3 del client.<\/p>\n<h3>Flexibilitat d\u2019\u00fas<\/h3>\n<p>Les sales es poden utilitzar de manera puntual segons les necessitats de cada empresa o professional, sense necessitat de disposar d\u2019una oficina permanent.<\/p>\n<h2>C\u00f3rcega Business Center al Passeig de Gr\u00e0cia 12<\/h2>\n<p><u><a href=\"https:\/\/businesscenters.cat\/ca\/\">C\u00f3rcega Business Center<\/a><\/u> ofereix espais i serveis pensats per a empreses i professionals que necessiten treballar, reunir-se o establir pres\u00e8ncia a Barcelona. La seva ubicaci\u00f3 permet rebre clients en una zona c\u00e8ntrica i representativa.<\/p>\n<p>A m\u00e9s de sales de reunions, el centre ofereix altres serveis com <strong>lloguer d\u2019oficines a Barcelona<\/strong>, despatxos equipats, <strong>oficina virtual Barcelona<\/strong>, videoconfer\u00e8ncies, sales de formaci\u00f3, <strong>domiciliaci\u00f3 de societats<\/strong> i altres serveis empresarials.<\/p>\n<p>Aix\u00f2 permet que cada empresa utilitzi \u00fanicament all\u00f2 que necessita en cada moment. Una companyia pot reservar una sala per a una reuni\u00f3 puntual, contractar una oficina virtual per disposar d\u2019una adre\u00e7a professional o comptar amb un despatx si necessita un espai de treball m\u00e9s estable.<\/p>\n","protected":false},"excerpt":{"rendered":"<p>Escollir el lloc adequat per a una reuni\u00f3 professional pot influir molt m\u00e9s del que sembla en la percepci\u00f3 d\u2019una empresa. No es tracta \u00fanicament de disposar d\u2019una sala c\u00f2moda o de comptar amb els recursos t\u00e8cnics necessaris. La ubicaci\u00f3, l\u2019entorn, la facilitat d\u2019acc\u00e9s i la imatge que transmet l\u2019espai tamb\u00e9 formen part de l\u2019experi\u00e8ncia [&hellip;]<\/p>\n","protected":false},"author":9,"featured_media":9164,"comment_status":"open","ping_status":"open","sticky":false,"template":"","format":"standard","meta":{"site-sidebar-layout":"default","site-content-layout":"","ast-site-content-layout":"default","site-content-style":"default","site-sidebar-style":"default","ast-global-header-display":"","ast-banner-title-visibility":"","ast-main-header-display":"","ast-hfb-above-header-display":"","ast-hfb-below-header-display":"","ast-hfb-mobile-header-display":"","site-post-title":"","ast-breadcrumbs-content":"","ast-featured-img":"","footer-sml-layout":"","theme-transparent-header-meta":"default","adv-header-id-meta":"","stick-header-meta":"","header-above-stick-meta":"","header-main-stick-meta":"","header-below-stick-meta":"","astra-migrate-meta-layouts":"set","ast-page-background-enabled":"default","ast-page-background-meta":{"desktop":{"background-color":"","background-image":"","background-repeat":"repeat","background-position":"center center","background-size":"auto","background-attachment":"scroll","background-type":"","background-media":"","overlay-type":"","overlay-color":"","overlay-gradient":""},"tablet":{"background-color":"","background-image":"","background-repeat":"repeat","background-position":"center center","background-size":"auto","background-attachment":"scroll","background-type":"","background-media":"","overlay-type":"","overlay-color":"","overlay-gradient":""},"mobile":{"background-color":"","background-image":"","background-repeat":"repeat","background-position":"center center","background-size":"auto","background-attachment":"scroll","background-type":"","background-media":"","overlay-type":"","overlay-color":"","overlay-gradient":""}},"ast-content-background-meta":{"desktop":{"background-color":"var(--ast-global-color-5)","background-image":"","background-repeat":"repeat","background-position":"center center","background-size":"auto","background-attachment":"scroll","background-type":"","background-media":"","overlay-type":"","overlay-color":"","overlay-gradient":""},"tablet":{"background-color":"var(--ast-global-color-5)","background-image":"","background-repeat":"repeat","background-position":"center center","background-size":"auto","background-attachment":"scroll","background-type":"","background-media":"","overlay-type":"","overlay-color":"","overlay-gradient":""},"mobile":{"background-color":"var(--ast-global-color-5)","background-image":"","background-repeat":"repeat","background-position":"center center","background-size":"auto","background-attachment":"scroll","background-type":"","background-media":"","overlay-type":"","overlay-color":"","overlay-gradient":""}},"_joinchat":[],"footnotes":""},"categories":[8],"tags":[274,256,307,275,221,224],"class_list":["post-9192","post","type-post","status-publish","format-standard","has-post-thumbnail","hentry","category-uncategorized-ca","tag-abogados-en-gracia-barcelona-ca","tag-alquiler-de-coworking-amueblado-barcelona-ca","tag-barcelona-ca-2","tag-barcelona-ciutat-innovadora-ca","tag-business-center-barcelona-ca","tag-llogar-despatx-gran-a-barcelona-ca"],"yoast_head":"<!-- This site is optimized with the Yoast SEO plugin v24.8.1 - https:\/\/yoast.com\/wordpress\/plugins\/seo\/ -->\n<title>Passeig de Gr\u00e0cia 12: ubicaci\u00f3 estrat\u00e8gica per a reunions<\/title>\n<meta name=\"description\" content=\"Descobreix per qu\u00e8 el Passeig de Gr\u00e0cia 12 \u00e9s una ubicaci\u00f3 estrat\u00e8gica per reunir-te amb clients a Barcelona.\" \/>\n<meta name=\"robots\" content=\"index, follow, max-snippet:-1, max-image-preview:large, max-video-preview:-1\" \/>\n<link rel=\"canonical\" href=\"https:\/\/businesscenters.cat\/ca\/blog\/passeig-de-gracia-12-ubicacio-estrategica-per-a-reunions\/\" \/>\n<meta property=\"og:locale\" content=\"ca_ES\" \/>\n<meta property=\"og:type\" content=\"article\" \/>\n<meta property=\"og:title\" content=\"Passeig de Gr\u00e0cia 12: ubicaci\u00f3 estrat\u00e8gica per a reunions\" \/>\n<meta property=\"og:description\" content=\"Descobreix per qu\u00e8 el Passeig de Gr\u00e0cia 12 \u00e9s una ubicaci\u00f3 estrat\u00e8gica per reunir-te amb clients a Barcelona.\" \/>\n<meta property=\"og:url\" content=\"https:\/\/businesscenters.cat\/ca\/blog\/passeig-de-gracia-12-ubicacio-estrategica-per-a-reunions\/\" \/>\n<meta property=\"og:site_name\" content=\"Business Centers Barcelona\" \/>\n<meta property=\"article:published_time\" content=\"2026-07-30T08:30:08+00:00\" \/>\n<meta property=\"article:modified_time\" content=\"2026-09-04T10:48:39+00:00\" \/>\n<meta property=\"og:image\" content=\"https:\/\/businesscenters.cat\/wp-content\/uploads\/2026\/07\/Paseo-de-Gracia-12_-una-ubicacion-estrategica-para-reuniones-en-Barcelona.jpg\" \/>\n\t<meta property=\"og:image:width\" content=\"1140\" \/>\n\t<meta property=\"og:image:height\" content=\"642\" \/>\n\t<meta property=\"og:image:type\" content=\"image\/jpeg\" \/>\n<meta name=\"author\" content=\"Amaya Morlans\" \/>\n<meta name=\"twitter:card\" content=\"summary_large_image\" \/>\n<meta name=\"twitter:label1\" content=\"Escrit per\" \/>\n\t<meta name=\"twitter:data1\" content=\"Amaya Morlans\" \/>\n\t<meta name=\"twitter:label2\" content=\"Temps estimat de lectura\" \/>\n\t<meta name=\"twitter:data2\" content=\"8 minuts\" \/>\n<script type=\"application\/ld+json\" class=\"yoast-schema-graph\">{\"@context\":\"https:\/\/schema.org\",\"@graph\":[{\"@type\":\"Article\",\"@id\":\"https:\/\/businesscenters.cat\/ca\/blog\/passeig-de-gracia-12-ubicacio-estrategica-per-a-reunions\/#article\",\"isPartOf\":{\"@id\":\"https:\/\/businesscenters.cat\/ca\/blog\/passeig-de-gracia-12-ubicacio-estrategica-per-a-reunions\/\"},\"author\":{\"name\":\"Amaya Morlans\",\"@id\":\"https:\/\/businesscenters.cat\/ca\/#\/schema\/person\/603ecda97c8f0947e116a2b7f86eaa66\"},\"headline\":\"Passeig de Gr\u00e0cia 12: ubicaci\u00f3 estrat\u00e8gica per a reunions\",\"datePublished\":\"2026-07-30T08:30:08+00:00\",\"dateModified\":\"2026-09-04T10:48:39+00:00\",\"mainEntityOfPage\":{\"@id\":\"https:\/\/businesscenters.cat\/ca\/blog\/passeig-de-gracia-12-ubicacio-estrategica-per-a-reunions\/\"},\"wordCount\":1842,\"commentCount\":0,\"publisher\":{\"@id\":\"https:\/\/businesscenters.cat\/ca\/#organization\"},\"image\":{\"@id\":\"https:\/\/businesscenters.cat\/ca\/blog\/passeig-de-gracia-12-ubicacio-estrategica-per-a-reunions\/#primaryimage\"},\"thumbnailUrl\":\"https:\/\/businesscenters.cat\/wp-content\/uploads\/2026\/07\/Paseo-de-Gracia-12_-una-ubicacion-estrategica-para-reuniones-en-Barcelona.jpg\",\"keywords\":[\"abogados en gracia barcelona\",\"alquiler de coworking amueblado barcelona\",\"Barcelona\",\"Barcelona ciutat innovadora\",\"business center barcelona\",\"Llogar despatx gran a Barcelona\"],\"articleSection\":[\"Uncategorized @ca\"],\"inLanguage\":\"ca\",\"potentialAction\":[{\"@type\":\"CommentAction\",\"name\":\"Comment\",\"target\":[\"https:\/\/businesscenters.cat\/ca\/blog\/passeig-de-gracia-12-ubicacio-estrategica-per-a-reunions\/#respond\"]}]},{\"@type\":\"WebPage\",\"@id\":\"https:\/\/businesscenters.cat\/ca\/blog\/passeig-de-gracia-12-ubicacio-estrategica-per-a-reunions\/\",\"url\":\"https:\/\/businesscenters.cat\/ca\/blog\/passeig-de-gracia-12-ubicacio-estrategica-per-a-reunions\/\",\"name\":\"Passeig de Gr\u00e0cia 12: ubicaci\u00f3 estrat\u00e8gica per a reunions\",\"isPartOf\":{\"@id\":\"https:\/\/businesscenters.cat\/ca\/#website\"},\"primaryImageOfPage\":{\"@id\":\"https:\/\/businesscenters.cat\/ca\/blog\/passeig-de-gracia-12-ubicacio-estrategica-per-a-reunions\/#primaryimage\"},\"image\":{\"@id\":\"https:\/\/businesscenters.cat\/ca\/blog\/passeig-de-gracia-12-ubicacio-estrategica-per-a-reunions\/#primaryimage\"},\"thumbnailUrl\":\"https:\/\/businesscenters.cat\/wp-content\/uploads\/2026\/07\/Paseo-de-Gracia-12_-una-ubicacion-estrategica-para-reuniones-en-Barcelona.jpg\",\"datePublished\":\"2026-07-30T08:30:08+00:00\",\"dateModified\":\"2026-09-04T10:48:39+00:00\",\"description\":\"Descobreix per qu\u00e8 el Passeig de Gr\u00e0cia 12 \u00e9s una ubicaci\u00f3 estrat\u00e8gica per reunir-te amb clients a Barcelona.\",\"breadcrumb\":{\"@id\":\"https:\/\/businesscenters.cat\/ca\/blog\/passeig-de-gracia-12-ubicacio-estrategica-per-a-reunions\/#breadcrumb\"},\"inLanguage\":\"ca\",\"potentialAction\":[{\"@type\":\"ReadAction\",\"target\":[\"https:\/\/businesscenters.cat\/ca\/blog\/passeig-de-gracia-12-ubicacio-estrategica-per-a-reunions\/\"]}]},{\"@type\":\"ImageObject\",\"inLanguage\":\"ca\",\"@id\":\"https:\/\/businesscenters.cat\/ca\/blog\/passeig-de-gracia-12-ubicacio-estrategica-per-a-reunions\/#primaryimage\",\"url\":\"https:\/\/businesscenters.cat\/wp-content\/uploads\/2026\/07\/Paseo-de-Gracia-12_-una-ubicacion-estrategica-para-reuniones-en-Barcelona.jpg\",\"contentUrl\":\"https:\/\/businesscenters.cat\/wp-content\/uploads\/2026\/07\/Paseo-de-Gracia-12_-una-ubicacion-estrategica-para-reuniones-en-Barcelona.jpg\",\"width\":1140,\"height\":642,\"caption\":\"Paseo de Gracia 12_ una ubicaci\u00f3n estrat\u00e9gica para reuniones en Barcelona\"},{\"@type\":\"BreadcrumbList\",\"@id\":\"https:\/\/businesscenters.cat\/ca\/blog\/passeig-de-gracia-12-ubicacio-estrategica-per-a-reunions\/#breadcrumb\",\"itemListElement\":[{\"@type\":\"ListItem\",\"position\":1,\"name\":\"Portada\",\"item\":\"https:\/\/businesscenters.cat\/ca\/\"},{\"@type\":\"ListItem\",\"position\":2,\"name\":\"Passeig de Gr\u00e0cia 12: ubicaci\u00f3 estrat\u00e8gica per a reunions\"}]},{\"@type\":\"WebSite\",\"@id\":\"https:\/\/businesscenters.cat\/ca\/#website\",\"url\":\"https:\/\/businesscenters.cat\/ca\/\",\"name\":\"Business Centers Barcelona\",\"description\":\"Alquiler de oficinas, despachos y coworking en el centro de Barcelona\",\"publisher\":{\"@id\":\"https:\/\/businesscenters.cat\/ca\/#organization\"},\"potentialAction\":[{\"@type\":\"SearchAction\",\"target\":{\"@type\":\"EntryPoint\",\"urlTemplate\":\"https:\/\/businesscenters.cat\/ca\/?s={search_term_string}\"},\"query-input\":{\"@type\":\"PropertyValueSpecification\",\"valueRequired\":true,\"valueName\":\"search_term_string\"}}],\"inLanguage\":\"ca\"},{\"@type\":\"Organization\",\"@id\":\"https:\/\/businesscenters.cat\/ca\/#organization\",\"name\":\"Business Centers Barcelona\",\"url\":\"https:\/\/businesscenters.cat\/ca\/\",\"logo\":{\"@type\":\"ImageObject\",\"inLanguage\":\"ca\",\"@id\":\"https:\/\/businesscenters.cat\/ca\/#\/schema\/logo\/image\/\",\"url\":\"https:\/\/businesscenters.cat\/wp-content\/uploads\/2018\/09\/business-logo-w.png\",\"contentUrl\":\"https:\/\/businesscenters.cat\/wp-content\/uploads\/2018\/09\/business-logo-w.png\",\"width\":250,\"height\":105,\"caption\":\"Business Centers Barcelona\"},\"image\":{\"@id\":\"https:\/\/businesscenters.cat\/ca\/#\/schema\/logo\/image\/\"}},{\"@type\":\"Person\",\"@id\":\"https:\/\/businesscenters.cat\/ca\/#\/schema\/person\/603ecda97c8f0947e116a2b7f86eaa66\",\"name\":\"Amaya Morlans\",\"image\":{\"@type\":\"ImageObject\",\"inLanguage\":\"ca\",\"@id\":\"https:\/\/businesscenters.cat\/ca\/#\/schema\/person\/image\/\",\"url\":\"https:\/\/secure.gravatar.com\/avatar\/5a787c54ec35f07dae49a7353e043d58?s=96&d=mm&r=g\",\"contentUrl\":\"https:\/\/secure.gravatar.com\/avatar\/5a787c54ec35f07dae49a7353e043d58?s=96&d=mm&r=g\",\"caption\":\"Amaya Morlans\"},\"url\":\"https:\/\/businesscenters.cat\/ca\/blog\/author\/amaya-memorandum\/\"}]}<\/script>\n<!-- \/ Yoast SEO plugin. -->","yoast_head_json":{"title":"Passeig de Gr\u00e0cia 12: ubicaci\u00f3 estrat\u00e8gica per a reunions","description":"Descobreix per qu\u00e8 el Passeig de Gr\u00e0cia 12 \u00e9s una ubicaci\u00f3 estrat\u00e8gica per reunir-te amb clients a Barcelona.","robots":{"index":"index","follow":"follow","max-snippet":"max-snippet:-1","max-image-preview":"max-image-preview:large","max-video-preview":"max-video-preview:-1"},"canonical":"https:\/\/businesscenters.cat\/ca\/blog\/passeig-de-gracia-12-ubicacio-estrategica-per-a-reunions\/","og_locale":"ca_ES","og_type":"article","og_title":"Passeig de Gr\u00e0cia 12: ubicaci\u00f3 estrat\u00e8gica per a reunions","og_description":"Descobreix per qu\u00e8 el Passeig de Gr\u00e0cia 12 \u00e9s una ubicaci\u00f3 estrat\u00e8gica per reunir-te amb clients a Barcelona.","og_url":"https:\/\/businesscenters.cat\/ca\/blog\/passeig-de-gracia-12-ubicacio-estrategica-per-a-reunions\/","og_site_name":"Business Centers Barcelona","article_published_time":"2026-07-30T08:30:08+00:00","article_modified_time":"2026-09-04T10:48:39+00:00","og_image":[{"width":1140,"height":642,"url":"https:\/\/businesscenters.cat\/wp-content\/uploads\/2026\/07\/Paseo-de-Gracia-12_-una-ubicacion-estrategica-para-reuniones-en-Barcelona.jpg","type":"image\/jpeg"}],"author":"Amaya Morlans","twitter_card":"summary_large_image","twitter_misc":{"Escrit per":"Amaya Morlans","Temps estimat de lectura":"8 minuts"},"schema":{"@context":"https:\/\/schema.org","@graph":[{"@type":"Article","@id":"https:\/\/businesscenters.cat\/ca\/blog\/passeig-de-gracia-12-ubicacio-estrategica-per-a-reunions\/#article","isPartOf":{"@id":"https:\/\/businesscenters.cat\/ca\/blog\/passeig-de-gracia-12-ubicacio-estrategica-per-a-reunions\/"},"author":{"name":"Amaya Morlans","@id":"https:\/\/businesscenters.cat\/ca\/#\/schema\/person\/603ecda97c8f0947e116a2b7f86eaa66"},"headline":"Passeig de Gr\u00e0cia 12: ubicaci\u00f3 estrat\u00e8gica per a reunions","datePublished":"2026-07-30T08:30:08+00:00","dateModified":"2026-09-04T10:48:39+00:00","mainEntityOfPage":{"@id":"https:\/\/businesscenters.cat\/ca\/blog\/passeig-de-gracia-12-ubicacio-estrategica-per-a-reunions\/"},"wordCount":1842,"commentCount":0,"publisher":{"@id":"https:\/\/businesscenters.cat\/ca\/#organization"},"image":{"@id":"https:\/\/businesscenters.cat\/ca\/blog\/passeig-de-gracia-12-ubicacio-estrategica-per-a-reunions\/#primaryimage"},"thumbnailUrl":"https:\/\/businesscenters.cat\/wp-content\/uploads\/2026\/07\/Paseo-de-Gracia-12_-una-ubicacion-estrategica-para-reuniones-en-Barcelona.jpg","keywords":["abogados en gracia barcelona","alquiler de coworking amueblado barcelona","Barcelona","Barcelona ciutat innovadora","business center barcelona","Llogar despatx gran a Barcelona"],"articleSection":["Uncategorized @ca"],"inLanguage":"ca","potentialAction":[{"@type":"CommentAction","name":"Comment","target":["https:\/\/businesscenters.cat\/ca\/blog\/passeig-de-gracia-12-ubicacio-estrategica-per-a-reunions\/#respond"]}]},{"@type":"WebPage","@id":"https:\/\/businesscenters.cat\/ca\/blog\/passeig-de-gracia-12-ubicacio-estrategica-per-a-reunions\/","url":"https:\/\/businesscenters.cat\/ca\/blog\/passeig-de-gracia-12-ubicacio-estrategica-per-a-reunions\/","name":"Passeig de Gr\u00e0cia 12: ubicaci\u00f3 estrat\u00e8gica per a reunions","isPartOf":{"@id":"https:\/\/businesscenters.cat\/ca\/#website"},"primaryImageOfPage":{"@id":"https:\/\/businesscenters.cat\/ca\/blog\/passeig-de-gracia-12-ubicacio-estrategica-per-a-reunions\/#primaryimage"},"image":{"@id":"https:\/\/businesscenters.cat\/ca\/blog\/passeig-de-gracia-12-ubicacio-estrategica-per-a-reunions\/#primaryimage"},"thumbnailUrl":"https:\/\/businesscenters.cat\/wp-content\/uploads\/2026\/07\/Paseo-de-Gracia-12_-una-ubicacion-estrategica-para-reuniones-en-Barcelona.jpg","datePublished":"2026-07-30T08:30:08+00:00","dateModified":"2026-09-04T10:48:39+00:00","description":"Descobreix per qu\u00e8 el Passeig de Gr\u00e0cia 12 \u00e9s una ubicaci\u00f3 estrat\u00e8gica per reunir-te amb clients a Barcelona.","breadcrumb":{"@id":"https:\/\/businesscenters.cat\/ca\/blog\/passeig-de-gracia-12-ubicacio-estrategica-per-a-reunions\/#breadcrumb"},"inLanguage":"ca","potentialAction":[{"@type":"ReadAction","target":["https:\/\/businesscenters.cat\/ca\/blog\/passeig-de-gracia-12-ubicacio-estrategica-per-a-reunions\/"]}]},{"@type":"ImageObject","inLanguage":"ca","@id":"https:\/\/businesscenters.cat\/ca\/blog\/passeig-de-gracia-12-ubicacio-estrategica-per-a-reunions\/#primaryimage","url":"https:\/\/businesscenters.cat\/wp-content\/uploads\/2026\/07\/Paseo-de-Gracia-12_-una-ubicacion-estrategica-para-reuniones-en-Barcelona.jpg","contentUrl":"https:\/\/businesscenters.cat\/wp-content\/uploads\/2026\/07\/Paseo-de-Gracia-12_-una-ubicacion-estrategica-para-reuniones-en-Barcelona.jpg","width":1140,"height":642,"caption":"Paseo de Gracia 12_ una ubicaci\u00f3n estrat\u00e9gica para reuniones en Barcelona"},{"@type":"BreadcrumbList","@id":"https:\/\/businesscenters.cat\/ca\/blog\/passeig-de-gracia-12-ubicacio-estrategica-per-a-reunions\/#breadcrumb","itemListElement":[{"@type":"ListItem","position":1,"name":"Portada","item":"https:\/\/businesscenters.cat\/ca\/"},{"@type":"ListItem","position":2,"name":"Passeig de Gr\u00e0cia 12: ubicaci\u00f3 estrat\u00e8gica per a reunions"}]},{"@type":"WebSite","@id":"https:\/\/businesscenters.cat\/ca\/#website","url":"https:\/\/businesscenters.cat\/ca\/","name":"Business Centers Barcelona","description":"Alquiler de oficinas, despachos y coworking en el centro de Barcelona","publisher":{"@id":"https:\/\/businesscenters.cat\/ca\/#organization"},"potentialAction":[{"@type":"SearchAction","target":{"@type":"EntryPoint","urlTemplate":"https:\/\/businesscenters.cat\/ca\/?s={search_term_string}"},"query-input":{"@type":"PropertyValueSpecification","valueRequired":true,"valueName":"search_term_string"}}],"inLanguage":"ca"},{"@type":"Organization","@id":"https:\/\/businesscenters.cat\/ca\/#organization","name":"Business Centers Barcelona","url":"https:\/\/businesscenters.cat\/ca\/","logo":{"@type":"ImageObject","inLanguage":"ca","@id":"https:\/\/businesscenters.cat\/ca\/#\/schema\/logo\/image\/","url":"https:\/\/businesscenters.cat\/wp-content\/uploads\/2018\/09\/business-logo-w.png","contentUrl":"https:\/\/businesscenters.cat\/wp-content\/uploads\/2018\/09\/business-logo-w.png","width":250,"height":105,"caption":"Business Centers Barcelona"},"image":{"@id":"https:\/\/businesscenters.cat\/ca\/#\/schema\/logo\/image\/"}},{"@type":"Person","@id":"https:\/\/businesscenters.cat\/ca\/#\/schema\/person\/603ecda97c8f0947e116a2b7f86eaa66","name":"Amaya Morlans","image":{"@type":"ImageObject","inLanguage":"ca","@id":"https:\/\/businesscenters.cat\/ca\/#\/schema\/person\/image\/","url":"https:\/\/secure.gravatar.com\/avatar\/5a787c54ec35f07dae49a7353e043d58?s=96&d=mm&r=g","contentUrl":"https:\/\/secure.gravatar.com\/avatar\/5a787c54ec35f07dae49a7353e043d58?s=96&d=mm&r=g","caption":"Amaya Morlans"},"url":"https:\/\/businesscenters.cat\/ca\/blog\/author\/amaya-memorandum\/"}]}},"_links":{"self":[{"href":"https:\/\/businesscenters.cat\/ca\/wp-json\/wp\/v2\/posts\/9192","targetHints":{"allow":["GET"]}}],"collection":[{"href":"https:\/\/businesscenters.cat\/ca\/wp-json\/wp\/v2\/posts"}],"about":[{"href":"https:\/\/businesscenters.cat\/ca\/wp-json\/wp\/v2\/types\/post"}],"author":[{"embeddable":true,"href":"https:\/\/businesscenters.cat\/ca\/wp-json\/wp\/v2\/users\/9"}],"replies":[{"embeddable":true,"href":"https:\/\/businesscenters.cat\/ca\/wp-json\/wp\/v2\/comments?post=9192"}],"version-history":[{"count":1,"href":"https:\/\/businesscenters.cat\/ca\/wp-json\/wp\/v2\/posts\/9192\/revisions"}],"predecessor-version":[{"id":9218,"href":"https:\/\/businesscenters.cat\/ca\/wp-json\/wp\/v2\/posts\/9192\/revisions\/9218"}],"wp:featuredmedia":[{"embeddable":true,"href":"https:\/\/businesscenters.cat\/ca\/wp-json\/wp\/v2\/media\/9164"}],"wp:attachment":[{"href":"https:\/\/businesscenters.cat\/ca\/wp-json\/wp\/v2\/media?parent=9192"}],"wp:term":[{"taxonomy":"category","embeddable":true,"href":"https:\/\/businesscenters.cat\/ca\/wp-json\/wp\/v2\/categories?post=9192"},{"taxonomy":"post_tag","embeddable":true,"href":"https:\/\/businesscenters.cat\/ca\/wp-json\/wp\/v2\/tags?post=9192"}],"curies":[{"name":"wp","href":"https:\/\/api.w.org\/{rel}","templated":true}]}}