{"id":9219,"date":"2026-08-06T10:30:01","date_gmt":"2026-08-06T08:30:01","guid":{"rendered":"https:\/\/businesscenters.cat\/?p=9219"},"modified":"2026-09-04T12:50:07","modified_gmt":"2026-09-04T10:50:07","slug":"lloguer-doficines-per-hores-o-mensual-que-triar","status":"publish","type":"post","link":"https:\/\/businesscenters.cat\/ca\/blog\/lloguer-doficines-per-hores-o-mensual-que-triar\/","title":{"rendered":"Lloguer d&#8217;oficines per hores o mensual: qu\u00e8 triar?"},"content":{"rendered":"<p>El <strong>lloguer d&#8217;oficines per hores<\/strong> s&#8217;ha convertit en una alternativa pr\u00e0ctica per a aut\u00f2noms, empreses i professionals que necessiten un <strong>espai de treball<\/strong> de manera puntual. En comparaci\u00f3 amb el <strong>lloguer mensual<\/strong>, permet utilitzar una oficina equipada \u00fanicament durant el temps necessari, sense assumir el cost permanent d&#8217;un espai que pot romandre buit durant bona part del mes.<\/p>\n<p>Tanmateix, no totes les empreses tenen les mateixes necessitats. Mentre que per a alguns professionals resulta m\u00e9s rendible reservar un despatx durant unes hores, d&#8217;altres necessiten una <strong>oficina estable<\/strong> on poder acudir di\u00e0riament. Per prendre una decisi\u00f3 adequada, \u00e9s important analitzar la freq\u00fc\u00e8ncia d&#8217;\u00fas, el nombre de treballadors, els serveis necessaris i el pressupost disponible.<\/p>\n<h2>Qu\u00e8 \u00e9s el lloguer d&#8217;oficines per hores?<\/h2>\n<p>El lloguer d&#8217;oficines per hores permet reservar un <strong>despatx privat i equipat<\/strong> durant un per\u00edode concret. L&#8217;usuari paga \u00fanicament pel temps contractat, sense necessitat de comprometre&#8217;s amb un contracte mensual o de llarga durada.<\/p>\n<p>Aquestes oficines solen estar preparades per comen\u00e7ar a treballar des del primer moment i poden incloure mobiliari, connexi\u00f3 a Internet, climatitzaci\u00f3, recepci\u00f3 de visites, atenci\u00f3 telef\u00f2nica o acc\u00e9s a altres serveis del centre de negocis.<\/p>\n<p>Aquesta modalitat \u00e9s especialment \u00fatil per a professionals que treballen habitualment des de casa, empreses amb equips en remot, comercials que visiten Barcelona o negocis que necessiten rebre clients en un <strong>entorn professional.<\/strong><\/p>\n<h2>Quan compensa llogar una oficina per hores?<\/h2>\n<p>El lloguer d&#8217;oficines per hores sol compensar quan l&#8217;espai es necessita de <strong>manera ocasional<\/strong>. En lloc de pagar una quota mensual completa, es reserva el despatx per a una reuni\u00f3, una jornada de treball o una activitat concreta.<\/p>\n<h3>Reunions amb clients o prove\u00efdors<\/h3>\n<p>Rebre un client en una <strong>oficina professional<\/strong> ajuda a transmetre confian\u00e7a i millora la imatge de l&#8217;empresa. Per a un aut\u00f2nom que treballa des de casa o una companyia que no disposa de seu a Barcelona, llogar un despatx durant unes hores pot ser una soluci\u00f3 adequada.<\/p>\n<p>A m\u00e9s, una oficina privada ofereix <strong>m\u00e9s tranquil\u00b7litat<\/strong> i <strong>confidencialitat<\/strong> que una cafeteria, el vest\u00edbul d&#8217;un hotel o una zona oberta de coworking.<\/p>\n<h3>Entrevistes i processos de selecci\u00f3<\/h3>\n<p>Les empreses que realitzen entrevistes puntuals poden utilitzar una oficina per hores per organitzar el proc\u00e9s en un <strong>espai c\u00f2mode i reservat<\/strong>. Aquesta opci\u00f3 evita haver de despla\u00e7ar els candidats fins a una seu llunyana o contractar una oficina permanent per a una necessitat temporal.<\/p>\n<p>Tamb\u00e9 pot resultar \u00fatil per a consultories de recursos humans, empreses de selecci\u00f3 o companyies que estan formant un nou equip a la ciutat.<\/p>\n<h3>Professionals que treballen des de casa<\/h3>\n<p>Advocats, assessors, consultors, psic\u00f2legs, comercials i altres professionals poden desenvolupar gran part de la seva activitat des de casa, per\u00f2 necessitar un despatx per atendre determinades cites.<\/p>\n<p>En aquests casos, el lloguer per hores permet separar l&#8217;espai personal del professional i oferir una <strong>atenci\u00f3 m\u00e9s adequada<\/strong> sense assumir les despeses d&#8217;una oficina fixa.<\/p>\n<h3>Empreses amb equips h\u00edbrids<\/h3>\n<p>Els <strong>models de treball h\u00edbrid<\/strong> han redu\u00eft la necessitat de mantenir llocs permanents per a tota la plantilla. Quan un equip es reuneix presencialment nom\u00e9s alguns dies al mes, contractar espais de treball flexibles pot ser m\u00e9s eficient que pagar una oficina completa durant tot l&#8217;any.<\/p>\n<p>L&#8217;empresa pot reservar un despatx o una sala \u00fanicament en les dates en qu\u00e8 necessita reunir els seus treballadors.<\/p>\n<h3>Viatges de negocis i projectes temporals<\/h3>\n<p>Una empresa que es despla\u00e7a a Barcelona per reunir-se amb clients, assistir a una fira o desenvolupar un projecte pot necessitar una oficina durant unes hores o diversos dies.<\/p>\n<p>Disposar d&#8217;un espai equipat permet treballar entre reunions, fer videoconfer\u00e8ncies, preparar presentacions o rebre col\u00b7laboradors sense dependre d&#8217;espais improvisats.<\/p>\n<h2>Quan resulta m\u00e9s convenient el lloguer mensual?<\/h2>\n<p>El lloguer mensual sol ser m\u00e9s adequat quan l&#8217;oficina s&#8217;utilitza de <strong>manera freq\u00fcent i continuada<\/strong>. Si el professional o l&#8217;equip necessita acudir-hi pr\u00e0cticament cada dia, reservar l&#8217;espai per hores podria acabar sent menys c\u00f2mode i m\u00e9s cost\u00f3s.<\/p>\n<h3>\u00das diari de l&#8217;espai<\/h3>\n<p>Quan l&#8217;oficina \u00e9s el lloc habitual de treball, la contractaci\u00f3 mensual proporciona <strong>estabilitat i disponibilitat<\/strong>. L&#8217;equip pot organitzar la seva jornada sense haver de fer reserves cada vegada que necessita utilitzar el despatx.<\/p>\n<p>Tamb\u00e9 permet mantenir una rutina professional i disposar d&#8217;un punt de refer\u00e8ncia permanent per a clients, prove\u00efdors i col\u00b7laboradors.<\/p>\n<h3>Equips estables<\/h3>\n<p>Les empreses amb diversos treballadors que desenvolupen la seva activitat presencialment solen necessitar una <strong>oficina fixa<\/strong>. En aquest cas, disposar de llocs assignats facilita la coordinaci\u00f3, la comunicaci\u00f3 interna i l&#8217;organitzaci\u00f3 del material de treball.<\/p>\n<p>Una oficina mensual tamb\u00e9 permet escollir la mida de l&#8217;espai segons el nombre d&#8217;empleats i les previsions de creixement del negoci.<\/p>\n<h3>Necessitat de guardar documentaci\u00f3 o equips<\/h3>\n<p>Algunes activitats requereixen emmagatzemar documents, ordinadors, material comercial o altres elements de manera permanent. Si el professional necessita deixar les seves pertinences a l&#8217;oficina, una contractaci\u00f3 mensual ofereix <strong>m\u00e9s continu\u00eftat<\/strong> que una reserva puntual.<\/p>\n<h3>Atenci\u00f3 freq\u00fcent a clients<\/h3>\n<p>Les empreses que reben visites diversos dies a la setmana poden beneficiar-se d&#8217;una oficina estable. Disposar d&#8217;un espai identificat i disponible facilita <strong>l&#8217;organitzaci\u00f3 de les cites<\/strong> i ajuda a projectar una imatge empresarial m\u00e9s consolidada.<\/p>\n<h2>Lloguer mensual o per hores: quines despeses has de comparar?<\/h2>\n<p>Per triar correctament, no cal fixar-se \u00fanicament en el preu anunciat. Tamb\u00e9 s&#8217;han d&#8217;analitzar les despeses associades a cada modalitat.<\/p>\n<p>En una oficina tradicional poden existir <strong>costos addicionals<\/strong> relacionats amb el mobiliari, els subministraments, Internet, la neteja, el manteniment, la recepci\u00f3 o la contractaci\u00f3 de serveis administratius. Tamb\u00e9 es poden exigir fiances, perman\u00e8ncies o inversions inicials per adaptar l&#8217;espai.<\/p>\n<p>En un centre de negocis, molts d&#8217;aquests serveis poden estar inclosos o disponibles mitjan\u00e7ant contractaci\u00f3. Aix\u00f2 facilita el control del pressupost i redueix les gestions necess\u00e0ries per posar en funcionament l&#8217;oficina.<\/p>\n<p>Abans de decidir, conv\u00e9 <strong>comparar<\/strong>:<\/p>\n<ul>\n<li>El nombre d&#8217;hores o dies que s&#8217;utilitzar\u00e0 l&#8217;oficina.<\/li>\n<li>La quantitat de persones que treballaran a l&#8217;espai.<\/li>\n<li>La freq\u00fc\u00e8ncia de les reunions amb clients.<\/li>\n<li>Els <u>serveis inclosos<\/u> en la tarifa.<\/li>\n<li>La necessitat d&#8217;emmagatzemar documentaci\u00f3 o material.<\/li>\n<li>La durada prevista del projecte.<\/li>\n<li>La flexibilitat necess\u00e0ria per ampliar o reduir l&#8217;espai.<\/li>\n<\/ul>\n<h2>Com prendre la decisi\u00f3 correcta<\/h2>\n<p>L&#8217;elecci\u00f3 entre lloguer per hores i lloguer mensual dep\u00e8n principalment de <strong>l&#8217;\u00fas real<\/strong> que es far\u00e0 de l&#8217;espai. Abans de contractar, \u00e9s recomanable calcular quants dies al mes es necessitar\u00e0 l&#8217;oficina i quines activitats s&#8217;hi duran a terme.<\/p>\n<p>Quan la necessitat \u00e9s puntual, el lloguer per hores aporta <strong>flexibilitat i permet controlar els costos<\/strong>. Quan l&#8217;\u00fas \u00e9s diari, el lloguer mensual ofereix <strong>continu\u00eftat, disponibilitat<\/strong> i una sensaci\u00f3 m\u00e9s gran d&#8217;estabilitat.<\/p>\n<p>Tamb\u00e9 \u00e9s possible combinar les dues modalitats. Una empresa pot disposar d&#8217;una oficina mensual per al seu equip habitual i contractar <u><a href=\"https:\/\/businesscenters.cat\/ca\/serveis\/lloguer-despatxos-oficines-barcelona\/\">despatxos<\/a><\/u> o sales addicionals per hores quan rep clients, organitza entrevistes o incorpora col\u00b7laboradors temporalment.<\/p>\n<h2>Oficines flexibles a C\u00f2rsega Business Center<\/h2>\n<p>A <u><a href=\"https:\/\/businesscenters.cat\/ca\/\">C\u00f2rsega Business Center<\/a><\/u> trobar\u00e0s oficines i despatxos equipats en una ubicaci\u00f3 estrat\u00e8gica de Barcelona, al Passeig de Gr\u00e0cia. El centre ofereix modalitats de contractaci\u00f3 per hores, dies, setmanes o mesos, fet que permet adaptar l&#8217;espai a les necessitats reals de cada professional o empresa. Les seves instal\u00b7lacions disposen de connexi\u00f3 a Internet, recepci\u00f3, atenci\u00f3 de visites, serveis administratius, <strong><u><a href=\"https:\/\/businesscenters.cat\/ca\/serveis\/sales-reunions-barcelona\/\">sales de reunions<\/a><\/u><\/strong> i acc\u00e9s a espais preparats per treballar des del primer moment. Tant si necessites una oficina durant unes hores com si busques un despatx estable per a la teva empresa, pots sol\u00b7licitar informaci\u00f3 i con\u00e8ixer l&#8217;opci\u00f3 m\u00e9s adequada per a la teva activitat.<\/p>\n","protected":false},"excerpt":{"rendered":"<p>El lloguer d&#8217;oficines per hores s&#8217;ha convertit en una alternativa pr\u00e0ctica per a aut\u00f2noms, empreses i professionals que necessiten un espai de treball de manera puntual. En comparaci\u00f3 amb el lloguer mensual, permet utilitzar una oficina equipada \u00fanicament durant el temps necessari, sense assumir el cost permanent d&#8217;un espai que pot romandre buit durant bona [&hellip;]<\/p>\n","protected":false},"author":9,"featured_media":9199,"comment_status":"open","ping_status":"open","sticky":false,"template":"","format":"standard","meta":{"site-sidebar-layout":"default","site-content-layout":"","ast-site-content-layout":"default","site-content-style":"default","site-sidebar-style":"default","ast-global-header-display":"","ast-banner-title-visibility":"","ast-main-header-display":"","ast-hfb-above-header-display":"","ast-hfb-below-header-display":"","ast-hfb-mobile-header-display":"","site-post-title":"","ast-breadcrumbs-content":"","ast-featured-img":"","footer-sml-layout":"","theme-transparent-header-meta":"default","adv-header-id-meta":"","stick-header-meta":"","header-above-stick-meta":"","header-main-stick-meta":"","header-below-stick-meta":"","astra-migrate-meta-layouts":"set","ast-page-background-enabled":"default","ast-page-background-meta":{"desktop":{"background-color":"","background-image":"","background-repeat":"repeat","background-position":"center center","background-size":"auto","background-attachment":"scroll","background-type":"","background-media":"","overlay-type":"","overlay-color":"","overlay-gradient":""},"tablet":{"background-color":"","background-image":"","background-repeat":"repeat","background-position":"center center","background-size":"auto","background-attachment":"scroll","background-type":"","background-media":"","overlay-type":"","overlay-color":"","overlay-gradient":""},"mobile":{"background-color":"","background-image":"","background-repeat":"repeat","background-position":"center center","background-size":"auto","background-attachment":"scroll","background-type":"","background-media":"","overlay-type":"","overlay-color":"","overlay-gradient":""}},"ast-content-background-meta":{"desktop":{"background-color":"var(--ast-global-color-5)","background-image":"","background-repeat":"repeat","background-position":"center center","background-size":"auto","background-attachment":"scroll","background-type":"","background-media":"","overlay-type":"","overlay-color":"","overlay-gradient":""},"tablet":{"background-color":"var(--ast-global-color-5)","background-image":"","background-repeat":"repeat","background-position":"center center","background-size":"auto","background-attachment":"scroll","background-type":"","background-media":"","overlay-type":"","overlay-color":"","overlay-gradient":""},"mobile":{"background-color":"var(--ast-global-color-5)","background-image":"","background-repeat":"repeat","background-position":"center center","background-size":"auto","background-attachment":"scroll","background-type":"","background-media":"","overlay-type":"","overlay-color":"","overlay-gradient":""}},"_joinchat":[],"footnotes":""},"categories":[8],"tags":[274,256,275,257,153,108],"class_list":["post-9219","post","type-post","status-publish","format-standard","has-post-thumbnail","hentry","category-uncategorized-ca","tag-abogados-en-gracia-barcelona-ca","tag-alquiler-de-coworking-amueblado-barcelona-ca","tag-barcelona-ciutat-innovadora-ca","tag-coworking-a-barcelona-ca","tag-sales-despera","tag-startup-barcelona"],"yoast_head":"<!-- This site is optimized with the Yoast SEO plugin v24.8.1 - https:\/\/yoast.com\/wordpress\/plugins\/seo\/ -->\n<title>Lloguer d&#039;oficines per hores o mensual: qu\u00e8 triar?<\/title>\n<meta name=\"description\" content=\"Descobreix quan triar el lloguer d&#039;oficines per hores i quan conv\u00e9 una oficina mensual segons les teves necessitats i pressupost.\" \/>\n<meta name=\"robots\" content=\"index, follow, max-snippet:-1, max-image-preview:large, max-video-preview:-1\" \/>\n<link rel=\"canonical\" href=\"https:\/\/businesscenters.cat\/ca\/blog\/lloguer-doficines-per-hores-o-mensual-que-triar\/\" \/>\n<meta property=\"og:locale\" content=\"ca_ES\" \/>\n<meta property=\"og:type\" content=\"article\" \/>\n<meta property=\"og:title\" content=\"Lloguer d&#039;oficines per hores o mensual: qu\u00e8 triar?\" \/>\n<meta property=\"og:description\" content=\"Descobreix quan triar el lloguer d&#039;oficines per hores i quan conv\u00e9 una oficina mensual segons les teves necessitats i pressupost.\" \/>\n<meta property=\"og:url\" content=\"https:\/\/businesscenters.cat\/ca\/blog\/lloguer-doficines-per-hores-o-mensual-que-triar\/\" \/>\n<meta property=\"og:site_name\" content=\"Business Centers Barcelona\" \/>\n<meta property=\"article:published_time\" content=\"2026-08-06T08:30:01+00:00\" \/>\n<meta property=\"article:modified_time\" content=\"2026-09-04T10:50:07+00:00\" \/>\n<meta property=\"og:image\" content=\"https:\/\/businesscenters.cat\/wp-content\/uploads\/2026\/09\/Alquiler-de-oficinas-por-horas-o-mensual_-\u00bfque-elegir.jpg\" \/>\n\t<meta property=\"og:image:width\" content=\"1140\" \/>\n\t<meta property=\"og:image:height\" content=\"642\" \/>\n\t<meta property=\"og:image:type\" content=\"image\/jpeg\" \/>\n<meta name=\"author\" content=\"Amaya Morlans\" \/>\n<meta name=\"twitter:card\" content=\"summary_large_image\" \/>\n<meta name=\"twitter:label1\" content=\"Escrit per\" \/>\n\t<meta name=\"twitter:data1\" content=\"Amaya Morlans\" \/>\n\t<meta name=\"twitter:label2\" content=\"Temps estimat de lectura\" \/>\n\t<meta name=\"twitter:data2\" content=\"6 minuts\" \/>\n<script type=\"application\/ld+json\" class=\"yoast-schema-graph\">{\"@context\":\"https:\/\/schema.org\",\"@graph\":[{\"@type\":\"Article\",\"@id\":\"https:\/\/businesscenters.cat\/ca\/blog\/lloguer-doficines-per-hores-o-mensual-que-triar\/#article\",\"isPartOf\":{\"@id\":\"https:\/\/businesscenters.cat\/ca\/blog\/lloguer-doficines-per-hores-o-mensual-que-triar\/\"},\"author\":{\"name\":\"Amaya Morlans\",\"@id\":\"https:\/\/businesscenters.cat\/ca\/#\/schema\/person\/603ecda97c8f0947e116a2b7f86eaa66\"},\"headline\":\"Lloguer d&#8217;oficines per hores o mensual: qu\u00e8 triar?\",\"datePublished\":\"2026-08-06T08:30:01+00:00\",\"dateModified\":\"2026-09-04T10:50:07+00:00\",\"mainEntityOfPage\":{\"@id\":\"https:\/\/businesscenters.cat\/ca\/blog\/lloguer-doficines-per-hores-o-mensual-que-triar\/\"},\"wordCount\":1336,\"commentCount\":0,\"publisher\":{\"@id\":\"https:\/\/businesscenters.cat\/ca\/#organization\"},\"image\":{\"@id\":\"https:\/\/businesscenters.cat\/ca\/blog\/lloguer-doficines-per-hores-o-mensual-que-triar\/#primaryimage\"},\"thumbnailUrl\":\"https:\/\/businesscenters.cat\/wp-content\/uploads\/2026\/09\/Alquiler-de-oficinas-por-horas-o-mensual_-\u00bfque-elegir.jpg\",\"keywords\":[\"abogados en gracia barcelona\",\"alquiler de coworking amueblado barcelona\",\"Barcelona ciutat innovadora\",\"Coworking a Barcelona\",\"sales d'espera\",\"STARTUP BARCELONA\"],\"articleSection\":[\"Uncategorized @ca\"],\"inLanguage\":\"ca\",\"potentialAction\":[{\"@type\":\"CommentAction\",\"name\":\"Comment\",\"target\":[\"https:\/\/businesscenters.cat\/ca\/blog\/lloguer-doficines-per-hores-o-mensual-que-triar\/#respond\"]}]},{\"@type\":\"WebPage\",\"@id\":\"https:\/\/businesscenters.cat\/ca\/blog\/lloguer-doficines-per-hores-o-mensual-que-triar\/\",\"url\":\"https:\/\/businesscenters.cat\/ca\/blog\/lloguer-doficines-per-hores-o-mensual-que-triar\/\",\"name\":\"Lloguer d'oficines per hores o mensual: qu\u00e8 triar?\",\"isPartOf\":{\"@id\":\"https:\/\/businesscenters.cat\/ca\/#website\"},\"primaryImageOfPage\":{\"@id\":\"https:\/\/businesscenters.cat\/ca\/blog\/lloguer-doficines-per-hores-o-mensual-que-triar\/#primaryimage\"},\"image\":{\"@id\":\"https:\/\/businesscenters.cat\/ca\/blog\/lloguer-doficines-per-hores-o-mensual-que-triar\/#primaryimage\"},\"thumbnailUrl\":\"https:\/\/businesscenters.cat\/wp-content\/uploads\/2026\/09\/Alquiler-de-oficinas-por-horas-o-mensual_-\u00bfque-elegir.jpg\",\"datePublished\":\"2026-08-06T08:30:01+00:00\",\"dateModified\":\"2026-09-04T10:50:07+00:00\",\"description\":\"Descobreix quan triar el lloguer d'oficines per hores i quan conv\u00e9 una oficina mensual segons les teves necessitats i pressupost.\",\"breadcrumb\":{\"@id\":\"https:\/\/businesscenters.cat\/ca\/blog\/lloguer-doficines-per-hores-o-mensual-que-triar\/#breadcrumb\"},\"inLanguage\":\"ca\",\"potentialAction\":[{\"@type\":\"ReadAction\",\"target\":[\"https:\/\/businesscenters.cat\/ca\/blog\/lloguer-doficines-per-hores-o-mensual-que-triar\/\"]}]},{\"@type\":\"ImageObject\",\"inLanguage\":\"ca\",\"@id\":\"https:\/\/businesscenters.cat\/ca\/blog\/lloguer-doficines-per-hores-o-mensual-que-triar\/#primaryimage\",\"url\":\"https:\/\/businesscenters.cat\/wp-content\/uploads\/2026\/09\/Alquiler-de-oficinas-por-horas-o-mensual_-\u00bfque-elegir.jpg\",\"contentUrl\":\"https:\/\/businesscenters.cat\/wp-content\/uploads\/2026\/09\/Alquiler-de-oficinas-por-horas-o-mensual_-\u00bfque-elegir.jpg\",\"width\":1140,\"height\":642,\"caption\":\"Alquiler de oficinas por horas o mensual_ \u00bfqu\u00e9 elegir\"},{\"@type\":\"BreadcrumbList\",\"@id\":\"https:\/\/businesscenters.cat\/ca\/blog\/lloguer-doficines-per-hores-o-mensual-que-triar\/#breadcrumb\",\"itemListElement\":[{\"@type\":\"ListItem\",\"position\":1,\"name\":\"Portada\",\"item\":\"https:\/\/businesscenters.cat\/ca\/\"},{\"@type\":\"ListItem\",\"position\":2,\"name\":\"Lloguer d&#8217;oficines per hores o mensual: qu\u00e8 triar?\"}]},{\"@type\":\"WebSite\",\"@id\":\"https:\/\/businesscenters.cat\/ca\/#website\",\"url\":\"https:\/\/businesscenters.cat\/ca\/\",\"name\":\"Business Centers Barcelona\",\"description\":\"Alquiler de oficinas, despachos y coworking en el centro de Barcelona\",\"publisher\":{\"@id\":\"https:\/\/businesscenters.cat\/ca\/#organization\"},\"potentialAction\":[{\"@type\":\"SearchAction\",\"target\":{\"@type\":\"EntryPoint\",\"urlTemplate\":\"https:\/\/businesscenters.cat\/ca\/?s={search_term_string}\"},\"query-input\":{\"@type\":\"PropertyValueSpecification\",\"valueRequired\":true,\"valueName\":\"search_term_string\"}}],\"inLanguage\":\"ca\"},{\"@type\":\"Organization\",\"@id\":\"https:\/\/businesscenters.cat\/ca\/#organization\",\"name\":\"Business Centers Barcelona\",\"url\":\"https:\/\/businesscenters.cat\/ca\/\",\"logo\":{\"@type\":\"ImageObject\",\"inLanguage\":\"ca\",\"@id\":\"https:\/\/businesscenters.cat\/ca\/#\/schema\/logo\/image\/\",\"url\":\"https:\/\/businesscenters.cat\/wp-content\/uploads\/2018\/09\/business-logo-w.png\",\"contentUrl\":\"https:\/\/businesscenters.cat\/wp-content\/uploads\/2018\/09\/business-logo-w.png\",\"width\":250,\"height\":105,\"caption\":\"Business Centers Barcelona\"},\"image\":{\"@id\":\"https:\/\/businesscenters.cat\/ca\/#\/schema\/logo\/image\/\"}},{\"@type\":\"Person\",\"@id\":\"https:\/\/businesscenters.cat\/ca\/#\/schema\/person\/603ecda97c8f0947e116a2b7f86eaa66\",\"name\":\"Amaya Morlans\",\"image\":{\"@type\":\"ImageObject\",\"inLanguage\":\"ca\",\"@id\":\"https:\/\/businesscenters.cat\/ca\/#\/schema\/person\/image\/\",\"url\":\"https:\/\/secure.gravatar.com\/avatar\/5a787c54ec35f07dae49a7353e043d58?s=96&d=mm&r=g\",\"contentUrl\":\"https:\/\/secure.gravatar.com\/avatar\/5a787c54ec35f07dae49a7353e043d58?s=96&d=mm&r=g\",\"caption\":\"Amaya Morlans\"},\"url\":\"https:\/\/businesscenters.cat\/ca\/blog\/author\/amaya-memorandum\/\"}]}<\/script>\n<!-- \/ Yoast SEO plugin. -->","yoast_head_json":{"title":"Lloguer d'oficines per hores o mensual: qu\u00e8 triar?","description":"Descobreix quan triar el lloguer d'oficines per hores i quan conv\u00e9 una oficina mensual segons les teves necessitats i pressupost.","robots":{"index":"index","follow":"follow","max-snippet":"max-snippet:-1","max-image-preview":"max-image-preview:large","max-video-preview":"max-video-preview:-1"},"canonical":"https:\/\/businesscenters.cat\/ca\/blog\/lloguer-doficines-per-hores-o-mensual-que-triar\/","og_locale":"ca_ES","og_type":"article","og_title":"Lloguer d'oficines per hores o mensual: qu\u00e8 triar?","og_description":"Descobreix quan triar el lloguer d'oficines per hores i quan conv\u00e9 una oficina mensual segons les teves necessitats i pressupost.","og_url":"https:\/\/businesscenters.cat\/ca\/blog\/lloguer-doficines-per-hores-o-mensual-que-triar\/","og_site_name":"Business Centers Barcelona","article_published_time":"2026-08-06T08:30:01+00:00","article_modified_time":"2026-09-04T10:50:07+00:00","og_image":[{"width":1140,"height":642,"url":"https:\/\/businesscenters.cat\/wp-content\/uploads\/2026\/09\/Alquiler-de-oficinas-por-horas-o-mensual_-\u00bfque-elegir.jpg","type":"image\/jpeg"}],"author":"Amaya Morlans","twitter_card":"summary_large_image","twitter_misc":{"Escrit per":"Amaya Morlans","Temps estimat de lectura":"6 minuts"},"schema":{"@context":"https:\/\/schema.org","@graph":[{"@type":"Article","@id":"https:\/\/businesscenters.cat\/ca\/blog\/lloguer-doficines-per-hores-o-mensual-que-triar\/#article","isPartOf":{"@id":"https:\/\/businesscenters.cat\/ca\/blog\/lloguer-doficines-per-hores-o-mensual-que-triar\/"},"author":{"name":"Amaya Morlans","@id":"https:\/\/businesscenters.cat\/ca\/#\/schema\/person\/603ecda97c8f0947e116a2b7f86eaa66"},"headline":"Lloguer d&#8217;oficines per hores o mensual: qu\u00e8 triar?","datePublished":"2026-08-06T08:30:01+00:00","dateModified":"2026-09-04T10:50:07+00:00","mainEntityOfPage":{"@id":"https:\/\/businesscenters.cat\/ca\/blog\/lloguer-doficines-per-hores-o-mensual-que-triar\/"},"wordCount":1336,"commentCount":0,"publisher":{"@id":"https:\/\/businesscenters.cat\/ca\/#organization"},"image":{"@id":"https:\/\/businesscenters.cat\/ca\/blog\/lloguer-doficines-per-hores-o-mensual-que-triar\/#primaryimage"},"thumbnailUrl":"https:\/\/businesscenters.cat\/wp-content\/uploads\/2026\/09\/Alquiler-de-oficinas-por-horas-o-mensual_-\u00bfque-elegir.jpg","keywords":["abogados en gracia barcelona","alquiler de coworking amueblado barcelona","Barcelona ciutat innovadora","Coworking a Barcelona","sales d'espera","STARTUP BARCELONA"],"articleSection":["Uncategorized @ca"],"inLanguage":"ca","potentialAction":[{"@type":"CommentAction","name":"Comment","target":["https:\/\/businesscenters.cat\/ca\/blog\/lloguer-doficines-per-hores-o-mensual-que-triar\/#respond"]}]},{"@type":"WebPage","@id":"https:\/\/businesscenters.cat\/ca\/blog\/lloguer-doficines-per-hores-o-mensual-que-triar\/","url":"https:\/\/businesscenters.cat\/ca\/blog\/lloguer-doficines-per-hores-o-mensual-que-triar\/","name":"Lloguer d'oficines per hores o mensual: qu\u00e8 triar?","isPartOf":{"@id":"https:\/\/businesscenters.cat\/ca\/#website"},"primaryImageOfPage":{"@id":"https:\/\/businesscenters.cat\/ca\/blog\/lloguer-doficines-per-hores-o-mensual-que-triar\/#primaryimage"},"image":{"@id":"https:\/\/businesscenters.cat\/ca\/blog\/lloguer-doficines-per-hores-o-mensual-que-triar\/#primaryimage"},"thumbnailUrl":"https:\/\/businesscenters.cat\/wp-content\/uploads\/2026\/09\/Alquiler-de-oficinas-por-horas-o-mensual_-\u00bfque-elegir.jpg","datePublished":"2026-08-06T08:30:01+00:00","dateModified":"2026-09-04T10:50:07+00:00","description":"Descobreix quan triar el lloguer d'oficines per hores i quan conv\u00e9 una oficina mensual segons les teves necessitats i pressupost.","breadcrumb":{"@id":"https:\/\/businesscenters.cat\/ca\/blog\/lloguer-doficines-per-hores-o-mensual-que-triar\/#breadcrumb"},"inLanguage":"ca","potentialAction":[{"@type":"ReadAction","target":["https:\/\/businesscenters.cat\/ca\/blog\/lloguer-doficines-per-hores-o-mensual-que-triar\/"]}]},{"@type":"ImageObject","inLanguage":"ca","@id":"https:\/\/businesscenters.cat\/ca\/blog\/lloguer-doficines-per-hores-o-mensual-que-triar\/#primaryimage","url":"https:\/\/businesscenters.cat\/wp-content\/uploads\/2026\/09\/Alquiler-de-oficinas-por-horas-o-mensual_-\u00bfque-elegir.jpg","contentUrl":"https:\/\/businesscenters.cat\/wp-content\/uploads\/2026\/09\/Alquiler-de-oficinas-por-horas-o-mensual_-\u00bfque-elegir.jpg","width":1140,"height":642,"caption":"Alquiler de oficinas por horas o mensual_ \u00bfqu\u00e9 elegir"},{"@type":"BreadcrumbList","@id":"https:\/\/businesscenters.cat\/ca\/blog\/lloguer-doficines-per-hores-o-mensual-que-triar\/#breadcrumb","itemListElement":[{"@type":"ListItem","position":1,"name":"Portada","item":"https:\/\/businesscenters.cat\/ca\/"},{"@type":"ListItem","position":2,"name":"Lloguer d&#8217;oficines per hores o mensual: qu\u00e8 triar?"}]},{"@type":"WebSite","@id":"https:\/\/businesscenters.cat\/ca\/#website","url":"https:\/\/businesscenters.cat\/ca\/","name":"Business Centers Barcelona","description":"Alquiler de oficinas, despachos y coworking en el centro de Barcelona","publisher":{"@id":"https:\/\/businesscenters.cat\/ca\/#organization"},"potentialAction":[{"@type":"SearchAction","target":{"@type":"EntryPoint","urlTemplate":"https:\/\/businesscenters.cat\/ca\/?s={search_term_string}"},"query-input":{"@type":"PropertyValueSpecification","valueRequired":true,"valueName":"search_term_string"}}],"inLanguage":"ca"},{"@type":"Organization","@id":"https:\/\/businesscenters.cat\/ca\/#organization","name":"Business Centers Barcelona","url":"https:\/\/businesscenters.cat\/ca\/","logo":{"@type":"ImageObject","inLanguage":"ca","@id":"https:\/\/businesscenters.cat\/ca\/#\/schema\/logo\/image\/","url":"https:\/\/businesscenters.cat\/wp-content\/uploads\/2018\/09\/business-logo-w.png","contentUrl":"https:\/\/businesscenters.cat\/wp-content\/uploads\/2018\/09\/business-logo-w.png","width":250,"height":105,"caption":"Business Centers Barcelona"},"image":{"@id":"https:\/\/businesscenters.cat\/ca\/#\/schema\/logo\/image\/"}},{"@type":"Person","@id":"https:\/\/businesscenters.cat\/ca\/#\/schema\/person\/603ecda97c8f0947e116a2b7f86eaa66","name":"Amaya Morlans","image":{"@type":"ImageObject","inLanguage":"ca","@id":"https:\/\/businesscenters.cat\/ca\/#\/schema\/person\/image\/","url":"https:\/\/secure.gravatar.com\/avatar\/5a787c54ec35f07dae49a7353e043d58?s=96&d=mm&r=g","contentUrl":"https:\/\/secure.gravatar.com\/avatar\/5a787c54ec35f07dae49a7353e043d58?s=96&d=mm&r=g","caption":"Amaya Morlans"},"url":"https:\/\/businesscenters.cat\/ca\/blog\/author\/amaya-memorandum\/"}]}},"_links":{"self":[{"href":"https:\/\/businesscenters.cat\/ca\/wp-json\/wp\/v2\/posts\/9219","targetHints":{"allow":["GET"]}}],"collection":[{"href":"https:\/\/businesscenters.cat\/ca\/wp-json\/wp\/v2\/posts"}],"about":[{"href":"https:\/\/businesscenters.cat\/ca\/wp-json\/wp\/v2\/types\/post"}],"author":[{"embeddable":true,"href":"https:\/\/businesscenters.cat\/ca\/wp-json\/wp\/v2\/users\/9"}],"replies":[{"embeddable":true,"href":"https:\/\/businesscenters.cat\/ca\/wp-json\/wp\/v2\/comments?post=9219"}],"version-history":[{"count":1,"href":"https:\/\/businesscenters.cat\/ca\/wp-json\/wp\/v2\/posts\/9219\/revisions"}],"predecessor-version":[{"id":9220,"href":"https:\/\/businesscenters.cat\/ca\/wp-json\/wp\/v2\/posts\/9219\/revisions\/9220"}],"wp:featuredmedia":[{"embeddable":true,"href":"https:\/\/businesscenters.cat\/ca\/wp-json\/wp\/v2\/media\/9199"}],"wp:attachment":[{"href":"https:\/\/businesscenters.cat\/ca\/wp-json\/wp\/v2\/media?parent=9219"}],"wp:term":[{"taxonomy":"category","embeddable":true,"href":"https:\/\/businesscenters.cat\/ca\/wp-json\/wp\/v2\/categories?post=9219"},{"taxonomy":"post_tag","embeddable":true,"href":"https:\/\/businesscenters.cat\/ca\/wp-json\/wp\/v2\/tags?post=9219"}],"curies":[{"name":"wp","href":"https:\/\/api.w.org\/{rel}","templated":true}]}}