{"id":9223,"date":"2026-08-20T10:30:21","date_gmt":"2026-08-20T08:30:21","guid":{"rendered":"https:\/\/businesscenters.cat\/?p=9223"},"modified":"2026-09-04T12:53:01","modified_gmt":"2026-09-04T10:53:01","slug":"espais-de-treball-flexibles-per-a-equips-per-projectes","status":"publish","type":"post","link":"https:\/\/businesscenters.cat\/ca\/blog\/espais-de-treball-flexibles-per-a-equips-per-projectes\/","title":{"rendered":"Espais de treball flexibles per a equips per projectes"},"content":{"rendered":"<p>Els <strong>espais de treball flexibles<\/strong> s\u00f3n una soluci\u00f3 especialment \u00fatil per a les empreses que organitzen la seva activitat mitjan\u00e7ant equips per projectes. En lloc de mantenir una oficina fixa amb llocs de treball que poden quedar buits, permeten contractar l&#8217;espai necessari durant el temps que dura cada projecte.<\/p>\n<p>Aquest model encaixa amb consultories, ag\u00e8ncies, empreses tecnol\u00f2giques, constructores, despatxos professionals i companyies que incorporen temporalment especialistes externs. Tamb\u00e9 es pot utilitzar quan diversos departaments necessiten reunir-se durant una fase concreta, encara que normalment treballin des d&#8217;altres ciutats o en remot.<\/p>\n<p>La <strong>flexibilitat<\/strong> no consisteix \u00fanicament a reduir la durada del contracte. Tamb\u00e9 permet adaptar la capacitat, els serveis i el tipus d&#8217;espai a les necessitats reals de cada equip.<\/p>\n<h2>Qu\u00e8 s\u00f3n els equips per projectes?<\/h2>\n<p>Un equip per projectes es crea per assolir un <strong>objectiu concret<\/strong> dins d&#8217;un termini determinat. Pot estar format per treballadors de la mateixa empresa, professionals independents, prove\u00efdors externs o empleats de diferents departaments.<\/p>\n<p>Un cop finalitzat el projecte, l&#8217;equip es pot dissoldre, reduir o comen\u00e7ar una nova feina amb una composici\u00f3 diferent. Per aquest motiu, les seves necessitats d&#8217;espai no sempre coincideixen amb les d&#8217;una plantilla estable.<\/p>\n<p>Alguns <strong>exemples habituals<\/strong> s\u00f3n:<\/p>\n<ul>\n<li>Desenvolupament i implantaci\u00f3 d&#8217;una soluci\u00f3 tecnol\u00f2gica.<\/li>\n<li>Organitzaci\u00f3 d&#8217;un esdeveniment o una campanya de comunicaci\u00f3.<\/li>\n<li>Obertura d&#8217;una nova delegaci\u00f3.<\/li>\n<li>Processos de selecci\u00f3 i formaci\u00f3.<\/li>\n<li>Execuci\u00f3 d&#8217;una auditoria o consultoria.<\/li>\n<li>Preparaci\u00f3 d&#8217;una licitaci\u00f3.<\/li>\n<li>Llan\u00e7ament d&#8217;un producte o servei.<\/li>\n<li>Desenvolupament d&#8217;un projecte internacional.<\/li>\n<li>Reunions temporals entre diferents departaments.<\/li>\n<\/ul>\n<p>En aquestes situacions, contractar una oficina tradicional durant diversos anys pot resultar poc pr\u00e0ctic. Els <strong>espais de treball flexibles<\/strong> permeten disposar d&#8217;una oficina professional durant les setmanes o mesos en qu\u00e8 l&#8217;equip necessita treballar presencialment.<\/p>\n<h2>Per qu\u00e8 utilitzar espais de treball flexibles?<\/h2>\n<p>Una empresa que treballa per projectes pot experimentar canvis freq\u00fcents en el nombre de persones, la durada dels treballs i la ubicaci\u00f3 dels col\u00b7laboradors. Un espai flexible permet respondre a aquestes variacions sense assumir una estructura permanent.<\/p>\n<h3>Contractaci\u00f3 adaptada a la durada del projecte<\/h3>\n<p>Un dels <strong>principals beneficis<\/strong> \u00e9s la possibilitat de contractar l&#8217;oficina durant un per\u00edode concret. L&#8217;empresa pot necessitar-la durant unes hores per a una reuni\u00f3, diversos dies per a una formaci\u00f3 o uns mesos per desenvolupar un projecte complet.<\/p>\n<p>Aquesta capacitat d&#8217;adaptaci\u00f3 evita mantenir l&#8217;espai quan deixa de ser necessari. A m\u00e9s, facilita la planificaci\u00f3 del pressupost, ja que el cost de l&#8217;oficina es pot vincular directament a la durada del projecte.<\/p>\n<h3>Capacitat ajustada a la mida de l&#8217;equip<\/h3>\n<p>No tots els projectes requereixen el mateix nombre de professionals. Alguns comencen amb dues o tres persones i amplien l&#8217;equip durant les fases de producci\u00f3 o implantaci\u00f3.<\/p>\n<p>Els espais flexibles permeten seleccionar una oficina adequada al nombre de treballadors i contractar despatxos o sales addicionals quan sigui necessari. D&#8217;aquesta manera, l&#8217;empresa evita pagar des del principi per llocs de treball que encara no utilitza.<\/p>\n<h3>Oficines preparades per comen\u00e7ar a treballar<\/h3>\n<p>Posar en funcionament una oficina tradicional requereix <strong>temps i inversi\u00f3<\/strong>. Cal adquirir mobiliari, contractar Internet, gestionar els subministraments, organitzar la neteja i preparar els equips.<\/p>\n<p>En canvi, una oficina equipada permet comen\u00e7ar l&#8217;activitat des del primer dia. L&#8217;equip es pot centrar en el projecte sense dedicar recursos a condicionar o gestionar l&#8217;espai.<\/p>\n<p>Aquest avantatge \u00e9s especialment important quan existeix una data d&#8217;inici tancada o quan els professionals es desplacen temporalment des d&#8217;una altra ciutat.<\/p>\n<h3>Menys costos fixos per a projectes temporals<\/h3>\n<p>Els costos d&#8217;una oficina tradicional no es limiten al lloguer. Tamb\u00e9 cal tenir en compte la fian\u00e7a, el mobiliari, els subministraments, la connexi\u00f3 a Internet, la neteja, el manteniment i altres <strong>despeses relacionades<\/strong> amb el seu funcionament.<\/p>\n<p>Quan un projecte t\u00e9 una durada limitada, aquestes inversions poden reduir-ne la rendibilitat. Els espais de treball flexibles ajuden a transformar una part d&#8217;aquests costos fixos en una despesa vinculada a l&#8217;\u00fas real.<\/p>\n<p>Abans de contractar, l&#8217;empresa ha de <strong>comparar<\/strong>:<\/p>\n<ul>\n<li>La durada prevista del projecte.<\/li>\n<li>El nombre de persones que utilitzaran l&#8217;oficina.<\/li>\n<li>Els dies de treball presencial.<\/li>\n<li>Els serveis inclosos en la tarifa.<\/li>\n<li>La necessitat de disposar de <u><a href=\"https:\/\/businesscenters.cat\/ca\/serveis\/sales-reunions-barcelona\/\">sales de reunions.<\/a><\/u><\/li>\n<li>Els possibles canvis en la mida de l&#8217;equip.<\/li>\n<li>Les despeses addicionals de cada modalitat.<\/li>\n<\/ul>\n<p>L&#8217;objectiu no ha de ser escollir \u00fanicament l&#8217;opci\u00f3 amb la tarifa inicial m\u00e9s baixa, sin\u00f3 aquella que ofereixi un cost total m\u00e9s adequat per al desenvolupament del projecte.<\/p>\n<h2>Un punt de trobada per a equips h\u00edbrids<\/h2>\n<p>Molts equips per projectes combinen el treball presencial i el remot. Els seus integrants poden treballar habitualment des de casa, des d&#8217;altres oficines o fins i tot des de diferents pa\u00efsos.<\/p>\n<p>En aquests casos, mantenir una seu fixa per a tot l&#8217;equip pot no ser necessari. Tanmateix, les <strong>reunions presencials<\/strong> continuen sent \u00fatils per definir objectius, revisar aven\u00e7os, resoldre incid\u00e8ncies o presentar resultats.<\/p>\n<p>Un espai de treball flexible es pot utilitzar com a punt de trobada en moments concrets:<\/p>\n<h3>Inici del projecte<\/h3>\n<p>Reunir l&#8217;equip durant la fase inicial ajuda a presentar els <strong>objectius<\/strong>, assignar responsabilitats, establir terminis i acordar les eines de treball.<\/p>\n<h3>Revisions i fases cr\u00edtiques<\/h3>\n<p>Algunes etapes requereixen una coordinaci\u00f3 m\u00e9s intensa. Treballar presencialment durant diversos dies pot facilitar la presa de decisions i la resoluci\u00f3 de problemes.<\/p>\n<h3>Reunions amb clients<\/h3>\n<p>Disposar d&#8217;una oficina o una sala professional permet rebre el client, presentar aven\u00e7os i mantenir converses confidencials en un entorn adequat.<\/p>\n<h3>Tancament i presentaci\u00f3 de resultats<\/h3>\n<p>En finalitzar la feina, l&#8217;equip es pot reunir per revisar els resultats, documentar les conclusions i preparar la presentaci\u00f3 final.<\/p>\n<p>D&#8217;aquesta manera, l&#8217;empresa mant\u00e9 l&#8217;autonomia del treball remot i reserva l&#8217;espai f\u00edsic \u00fanicament per a les fases en qu\u00e8 aporta m\u00e9s valor.<\/p>\n<h2>Privacitat i concentraci\u00f3 per a treballs espec\u00edfics<\/h2>\n<p>Els equips per projectes solen gestionar informaci\u00f3 interna, documentaci\u00f3 de clients o dades relacionades amb estrat\u00e8gies empresarials. Per aquest motiu, la privacitat ha de ser un dels <strong>criteris principals<\/strong> a l&#8217;hora de triar una oficina.<\/p>\n<p>Un despatx privat resulta m\u00e9s adequat que un espai obert quan l&#8217;equip necessita fer trucades, revisar documentaci\u00f3 confidencial o mantenir reunions internes.<\/p>\n<p>Tamb\u00e9 proporciona un entorn amb menys interrupcions. Aix\u00f2 pot afavorir la concentraci\u00f3 durant fases que requereixen an\u00e0lisi, planificaci\u00f3, programaci\u00f3, disseny o preparaci\u00f3 de propostes.<\/p>\n<p>Abans de reservar, conv\u00e9 comprovar si l&#8217;espai \u00e9s d&#8217;\u00fas exclusiu, si disposa d&#8217;una connexi\u00f3 segura i si hi ha sales independents per mantenir reunions.<\/p>\n<h2>Serveis que faciliten el desenvolupament del projecte<\/h2>\n<p>L&#8217;espai f\u00edsic \u00e9s nom\u00e9s una part de les necessitats de l&#8217;equip. Els serveis complementaris poden reduir tasques administratives i ajudar els professionals a dedicar m\u00e9s temps a la feina principal.<\/p>\n<p>Alguns dels serveis que conv\u00e9 valorar s\u00f3n:<\/p>\n<ul>\n<li>Recepci\u00f3 i atenci\u00f3 de visites.<\/li>\n<li>Gesti\u00f3 de trucades telef\u00f2niques.<\/li>\n<li>Recepci\u00f3 de correspond\u00e8ncia i missatgeria.<\/li>\n<li>Connexi\u00f3 a Internet per cable i wifi.<\/li>\n<li>Impressi\u00f3, escaneig i fotoc\u00f2pies.<\/li>\n<li>Neteja i manteniment.<\/li>\n<li>Acc\u00e9s a sales de reunions.<\/li>\n<li><u><a href=\"https:\/\/businesscenters.cat\/ca\/serveis\/videoconferencies-barcelona\/\">Sistemes de videoconfer\u00e8ncia.<\/a><\/u><\/li>\n<li>Suport administratiu.<\/li>\n<li>Disponibilitat d&#8217;aparcament.<\/li>\n<\/ul>\n<p>No tots els projectes necessitaran tots aquests recursos. L&#8217;avantatge \u00e9s poder contractar o utilitzar aquells que siguin rellevants en cada moment.<\/p>\n<h2>Com triar un espai per a un equip per projectes<\/h2>\n<p>Abans de contractar una oficina, l&#8217;empresa ha de definir amb claredat com es desenvolupar\u00e0 la feina. Una previsi\u00f3 realista permetr\u00e0 seleccionar un <strong>espai adequat<\/strong> i evitar canvis innecessaris.<\/p>\n<h3>Calcula el nombre de llocs de treball necessaris<\/h3>\n<p>\u00c9s important diferenciar entre el nombre total d&#8217;integrants i les persones que hi acudiran simult\u00e0niament. En un equip h\u00edbrid hi pot haver deu professionals, per\u00f2 nom\u00e9s quatre o cinc presents a l&#8217;oficina cada dia.<\/p>\n<h3>Estableix la durada aproximada<\/h3>\n<p>Encara que la data de finalitzaci\u00f3 pugui variar, conv\u00e9 establir un termini inicial. Tamb\u00e9 cal comprovar si el contracte permet ampliar l&#8217;estada quan el projecte s&#8217;endarrereix.<\/p>\n<h3>Revisa la ubicaci\u00f3<\/h3>\n<p>Una oficina ben comunicada facilita els <strong>despla\u00e7aments de l&#8217;equip<\/strong>, dels clients i dels col\u00b7laboradors externs. La proximitat al transport p\u00fablic, les estacions, els hotels i els serveis de restauraci\u00f3 pot ser especialment rellevant per a projectes amb professionals despla\u00e7ats.<\/p>\n<h3>Comprova els horaris d&#8217;acc\u00e9s<\/h3>\n<p>Alguns treballs requereixen horaris amplis, coordinaci\u00f3 amb altres pa\u00efsos o jornades intensives durant dates concretes. Per aix\u00f2, \u00e9s necessari revisar quan pot accedir-hi l&#8217;equip i quines <strong>condicions<\/strong> existeixen fora de l&#8217;horari de recepci\u00f3.<\/p>\n<h3>Confirma els serveis inclosos<\/h3>\n<p>Abans de comparar preus, cal sol\u00b7licitar <strong>informaci\u00f3 detallada<\/strong> sobre Internet, subministraments, neteja, mobiliari, recepci\u00f3 i \u00fas de sales. Aix\u00ed ser\u00e0 possible calcular el cost complet de cada alternativa.<\/p>\n<h3>Valora la possibilitat d&#8217;ampliar l&#8217;espai<\/h3>\n<p>Un projecte pot incorporar nous perfils durant el seu desenvolupament. Escollir un centre amb <u><a href=\"https:\/\/businesscenters.cat\/ca\/serveis\/lloguer-despatxos-oficines-barcelona\/\">despatxos i sales<\/a><\/u> addicionals facilita el creixement temporal sense haver de traslladar tot l&#8217;equip.<\/p>\n<h2>Quan resulta m\u00e9s convenient una oficina fixa?<\/h2>\n<p>Els <strong>espais flexibles<\/strong> no substitueixen necess\u00e0riament una oficina permanent. Si l&#8217;equip mant\u00e9 una composici\u00f3 estable, hi acudeix di\u00e0riament i desenvolupa projectes de manera continuada, un lloguer mensual o de m\u00e9s durada pot resultar m\u00e9s adequat.<\/p>\n<p>La modalitat flexible sol aportar m\u00e9s valor quan:<\/p>\n<ul>\n<li>El projecte t\u00e9 una <strong>durada limitada<\/strong>.<\/li>\n<li>El nombre de professionals pot variar.<\/li>\n<li>Una part de l&#8217;equip treballa en remot.<\/li>\n<li>Es necessita una oficina en una ciutat concreta de manera temporal.<\/li>\n<li>L&#8217;empresa no vol fer una inversi\u00f3 inicial.<\/li>\n<li>Cal comen\u00e7ar a treballar de manera immediata.<\/li>\n<li>Es requereixen sales o despatxos addicionals en moments puntuals.<\/li>\n<\/ul>\n<p>Tamb\u00e9 \u00e9s possible combinar totes dues opcions. Una empresa pot mantenir una seu principal i contractar espais de treball flexibles per a projectes especials, equips externs o despla\u00e7aments a altres ciutats.<\/p>\n<h2>Espais flexibles per a empreses en creixement<\/h2>\n<p>Treballar per projectes permet a moltes empreses <strong>ampliar la seva activitat<\/strong> sense incrementar de manera permanent la seva estructura. Tanmateix, aquest creixement necessita recursos que es puguin ajustar al ritme del negoci.<\/p>\n<p>Una oficina flexible permet incorporar professionals, reunir equips i atendre nous clients sense comprometre&#8217;s des del principi amb una superf\u00edcie fixa. Si el projecte t\u00e9 continu\u00eftat, l&#8217;empresa pot ampliar la contractaci\u00f3. Si finalitza, pot reduir l&#8217;espai o deixar d&#8217;utilitzar-lo.<\/p>\n<p>Aquesta capacitat d&#8217;adaptaci\u00f3 facilita una <strong>gesti\u00f3 m\u00e9s prudent<\/strong> dels recursos i permet provar noves l\u00ednies de negoci abans d&#8217;assumir inversions de m\u00e9s durada.<\/p>\n<h2>C\u00f2rsega Business Center: oficines adaptades a cada projecte<\/h2>\n<p><u><a href=\"https:\/\/businesscenters.cat\/ca\/\">C\u00f2rsega Business Center<\/a><\/u> ofereix a Barcelona oficines i despatxos equipats que es poden contractar per hores, dies, setmanes o mesos. Els seus espais estan preparats per a equips d&#8217;entre un i quatre llocs de treball i disposen de connexi\u00f3 a Internet, mobiliari, climatitzaci\u00f3, neteja, recepci\u00f3 de visites i acc\u00e9s a sales de reunions i videoconfer\u00e8ncia. A m\u00e9s, el centre ofereix acc\u00e9s les <strong>24 hores durant tot l&#8217;any<\/strong> i diferents serveis administratius. Aquesta varietat de modalitats permet que cada empresa seleccioni l&#8217;espai i el per\u00edode de contractaci\u00f3 que millor s&#8217;ajustin a la durada i a les necessitats del seu projecte.<\/p>\n","protected":false},"excerpt":{"rendered":"<p>Els espais de treball flexibles s\u00f3n una soluci\u00f3 especialment \u00fatil per a les empreses que organitzen la seva activitat mitjan\u00e7ant equips per projectes. En lloc de mantenir una oficina fixa amb llocs de treball que poden quedar buits, permeten contractar l&#8217;espai necessari durant el temps que dura cada projecte. Aquest model encaixa amb consultories, ag\u00e8ncies, [&hellip;]<\/p>\n","protected":false},"author":9,"featured_media":9209,"comment_status":"open","ping_status":"open","sticky":false,"template":"","format":"standard","meta":{"site-sidebar-layout":"default","site-content-layout":"","ast-site-content-layout":"default","site-content-style":"default","site-sidebar-style":"default","ast-global-header-display":"","ast-banner-title-visibility":"","ast-main-header-display":"","ast-hfb-above-header-display":"","ast-hfb-below-header-display":"","ast-hfb-mobile-header-display":"","site-post-title":"","ast-breadcrumbs-content":"","ast-featured-img":"","footer-sml-layout":"","theme-transparent-header-meta":"default","adv-header-id-meta":"","stick-header-meta":"","header-above-stick-meta":"","header-main-stick-meta":"","header-below-stick-meta":"","astra-migrate-meta-layouts":"set","ast-page-background-enabled":"default","ast-page-background-meta":{"desktop":{"background-color":"","background-image":"","background-repeat":"repeat","background-position":"center center","background-size":"auto","background-attachment":"scroll","background-type":"","background-media":"","overlay-type":"","overlay-color":"","overlay-gradient":""},"tablet":{"background-color":"","background-image":"","background-repeat":"repeat","background-position":"center center","background-size":"auto","background-attachment":"scroll","background-type":"","background-media":"","overlay-type":"","overlay-color":"","overlay-gradient":""},"mobile":{"background-color":"","background-image":"","background-repeat":"repeat","background-position":"center center","background-size":"auto","background-attachment":"scroll","background-type":"","background-media":"","overlay-type":"","overlay-color":"","overlay-gradient":""}},"ast-content-background-meta":{"desktop":{"background-color":"var(--ast-global-color-5)","background-image":"","background-repeat":"repeat","background-position":"center center","background-size":"auto","background-attachment":"scroll","background-type":"","background-media":"","overlay-type":"","overlay-color":"","overlay-gradient":""},"tablet":{"background-color":"var(--ast-global-color-5)","background-image":"","background-repeat":"repeat","background-position":"center center","background-size":"auto","background-attachment":"scroll","background-type":"","background-media":"","overlay-type":"","overlay-color":"","overlay-gradient":""},"mobile":{"background-color":"var(--ast-global-color-5)","background-image":"","background-repeat":"repeat","background-position":"center center","background-size":"auto","background-attachment":"scroll","background-type":"","background-media":"","overlay-type":"","overlay-color":"","overlay-gradient":""}},"_joinchat":[],"footnotes":""},"categories":[8],"tags":[219,256,278,221,324,154,96],"class_list":["post-9223","post","type-post","status-publish","format-standard","has-post-thumbnail","hentry","category-uncategorized-ca","tag-abogados-barcelona-ca","tag-alquiler-de-coworking-amueblado-barcelona-ca","tag-alquiler-despachos-grandes-en-barcelona-ca","tag-business-center-barcelona-ca","tag-pasei-dgracia","tag-recepcio-amb-personal-professional-al-carrec","tag-despatxos-decorats-a-barcelona"],"yoast_head":"<!-- This site is optimized with the Yoast SEO plugin v24.8.1 - https:\/\/yoast.com\/wordpress\/plugins\/seo\/ -->\n<title>Espais de treball flexibles per a equips per projectes<\/title>\n<meta name=\"description\" content=\"Descobreix com els espais de treball flexibles ajuden a gestionar equips per projectes, controlar costos i adaptar cada oficina.\" \/>\n<meta name=\"robots\" content=\"index, follow, max-snippet:-1, max-image-preview:large, max-video-preview:-1\" \/>\n<link rel=\"canonical\" href=\"https:\/\/businesscenters.cat\/ca\/blog\/espais-de-treball-flexibles-per-a-equips-per-projectes\/\" \/>\n<meta property=\"og:locale\" content=\"ca_ES\" \/>\n<meta property=\"og:type\" content=\"article\" \/>\n<meta property=\"og:title\" content=\"Espais de treball flexibles per a equips per projectes\" \/>\n<meta property=\"og:description\" content=\"Descobreix com els espais de treball flexibles ajuden a gestionar equips per projectes, controlar costos i adaptar cada oficina.\" \/>\n<meta property=\"og:url\" content=\"https:\/\/businesscenters.cat\/ca\/blog\/espais-de-treball-flexibles-per-a-equips-per-projectes\/\" \/>\n<meta property=\"og:site_name\" content=\"Business Centers Barcelona\" \/>\n<meta property=\"article:published_time\" content=\"2026-08-20T08:30:21+00:00\" \/>\n<meta property=\"article:modified_time\" content=\"2026-09-04T10:53:01+00:00\" \/>\n<meta property=\"og:image\" content=\"https:\/\/businesscenters.cat\/wp-content\/uploads\/2026\/09\/Espacios-de-trabajo-flexibles-para-equipos-por-proyectos.jpg\" \/>\n\t<meta property=\"og:image:width\" content=\"1140\" \/>\n\t<meta property=\"og:image:height\" content=\"642\" \/>\n\t<meta property=\"og:image:type\" content=\"image\/jpeg\" \/>\n<meta name=\"author\" content=\"Amaya Morlans\" \/>\n<meta name=\"twitter:card\" content=\"summary_large_image\" \/>\n<meta name=\"twitter:label1\" content=\"Escrit per\" \/>\n\t<meta name=\"twitter:data1\" content=\"Amaya Morlans\" \/>\n\t<meta name=\"twitter:label2\" content=\"Temps estimat de lectura\" \/>\n\t<meta name=\"twitter:data2\" content=\"9 minuts\" \/>\n<script type=\"application\/ld+json\" class=\"yoast-schema-graph\">{\"@context\":\"https:\/\/schema.org\",\"@graph\":[{\"@type\":\"Article\",\"@id\":\"https:\/\/businesscenters.cat\/ca\/blog\/espais-de-treball-flexibles-per-a-equips-per-projectes\/#article\",\"isPartOf\":{\"@id\":\"https:\/\/businesscenters.cat\/ca\/blog\/espais-de-treball-flexibles-per-a-equips-per-projectes\/\"},\"author\":{\"name\":\"Amaya Morlans\",\"@id\":\"https:\/\/businesscenters.cat\/ca\/#\/schema\/person\/603ecda97c8f0947e116a2b7f86eaa66\"},\"headline\":\"Espais de treball flexibles per a equips per projectes\",\"datePublished\":\"2026-08-20T08:30:21+00:00\",\"dateModified\":\"2026-09-04T10:53:01+00:00\",\"mainEntityOfPage\":{\"@id\":\"https:\/\/businesscenters.cat\/ca\/blog\/espais-de-treball-flexibles-per-a-equips-per-projectes\/\"},\"wordCount\":1889,\"commentCount\":0,\"publisher\":{\"@id\":\"https:\/\/businesscenters.cat\/ca\/#organization\"},\"image\":{\"@id\":\"https:\/\/businesscenters.cat\/ca\/blog\/espais-de-treball-flexibles-per-a-equips-per-projectes\/#primaryimage\"},\"thumbnailUrl\":\"https:\/\/businesscenters.cat\/wp-content\/uploads\/2026\/09\/Espacios-de-trabajo-flexibles-para-equipos-por-proyectos.jpg\",\"keywords\":[\"abogados Barcelona\",\"alquiler de coworking amueblado barcelona\",\"alquiler despachos grandes en barcelona\",\"business center barcelona\",\"pasei d\u00b4gr\u00e0cia\",\"recepci\u00f3 amb personal professional al c\u00e0rrec\",\"\u200b\u200bdespatxos decorats a barcelona\"],\"articleSection\":[\"Uncategorized @ca\"],\"inLanguage\":\"ca\",\"potentialAction\":[{\"@type\":\"CommentAction\",\"name\":\"Comment\",\"target\":[\"https:\/\/businesscenters.cat\/ca\/blog\/espais-de-treball-flexibles-per-a-equips-per-projectes\/#respond\"]}]},{\"@type\":\"WebPage\",\"@id\":\"https:\/\/businesscenters.cat\/ca\/blog\/espais-de-treball-flexibles-per-a-equips-per-projectes\/\",\"url\":\"https:\/\/businesscenters.cat\/ca\/blog\/espais-de-treball-flexibles-per-a-equips-per-projectes\/\",\"name\":\"Espais de treball flexibles per a equips per projectes\",\"isPartOf\":{\"@id\":\"https:\/\/businesscenters.cat\/ca\/#website\"},\"primaryImageOfPage\":{\"@id\":\"https:\/\/businesscenters.cat\/ca\/blog\/espais-de-treball-flexibles-per-a-equips-per-projectes\/#primaryimage\"},\"image\":{\"@id\":\"https:\/\/businesscenters.cat\/ca\/blog\/espais-de-treball-flexibles-per-a-equips-per-projectes\/#primaryimage\"},\"thumbnailUrl\":\"https:\/\/businesscenters.cat\/wp-content\/uploads\/2026\/09\/Espacios-de-trabajo-flexibles-para-equipos-por-proyectos.jpg\",\"datePublished\":\"2026-08-20T08:30:21+00:00\",\"dateModified\":\"2026-09-04T10:53:01+00:00\",\"description\":\"Descobreix com els espais de treball flexibles ajuden a gestionar equips per projectes, controlar costos i adaptar cada oficina.\",\"breadcrumb\":{\"@id\":\"https:\/\/businesscenters.cat\/ca\/blog\/espais-de-treball-flexibles-per-a-equips-per-projectes\/#breadcrumb\"},\"inLanguage\":\"ca\",\"potentialAction\":[{\"@type\":\"ReadAction\",\"target\":[\"https:\/\/businesscenters.cat\/ca\/blog\/espais-de-treball-flexibles-per-a-equips-per-projectes\/\"]}]},{\"@type\":\"ImageObject\",\"inLanguage\":\"ca\",\"@id\":\"https:\/\/businesscenters.cat\/ca\/blog\/espais-de-treball-flexibles-per-a-equips-per-projectes\/#primaryimage\",\"url\":\"https:\/\/businesscenters.cat\/wp-content\/uploads\/2026\/09\/Espacios-de-trabajo-flexibles-para-equipos-por-proyectos.jpg\",\"contentUrl\":\"https:\/\/businesscenters.cat\/wp-content\/uploads\/2026\/09\/Espacios-de-trabajo-flexibles-para-equipos-por-proyectos.jpg\",\"width\":1140,\"height\":642,\"caption\":\"Espais de treball flexibles per a equips per projectes\"},{\"@type\":\"BreadcrumbList\",\"@id\":\"https:\/\/businesscenters.cat\/ca\/blog\/espais-de-treball-flexibles-per-a-equips-per-projectes\/#breadcrumb\",\"itemListElement\":[{\"@type\":\"ListItem\",\"position\":1,\"name\":\"Portada\",\"item\":\"https:\/\/businesscenters.cat\/ca\/\"},{\"@type\":\"ListItem\",\"position\":2,\"name\":\"Espais de treball flexibles per a equips per projectes\"}]},{\"@type\":\"WebSite\",\"@id\":\"https:\/\/businesscenters.cat\/ca\/#website\",\"url\":\"https:\/\/businesscenters.cat\/ca\/\",\"name\":\"Business Centers Barcelona\",\"description\":\"Alquiler de oficinas, despachos y coworking en el centro de Barcelona\",\"publisher\":{\"@id\":\"https:\/\/businesscenters.cat\/ca\/#organization\"},\"potentialAction\":[{\"@type\":\"SearchAction\",\"target\":{\"@type\":\"EntryPoint\",\"urlTemplate\":\"https:\/\/businesscenters.cat\/ca\/?s={search_term_string}\"},\"query-input\":{\"@type\":\"PropertyValueSpecification\",\"valueRequired\":true,\"valueName\":\"search_term_string\"}}],\"inLanguage\":\"ca\"},{\"@type\":\"Organization\",\"@id\":\"https:\/\/businesscenters.cat\/ca\/#organization\",\"name\":\"Business Centers Barcelona\",\"url\":\"https:\/\/businesscenters.cat\/ca\/\",\"logo\":{\"@type\":\"ImageObject\",\"inLanguage\":\"ca\",\"@id\":\"https:\/\/businesscenters.cat\/ca\/#\/schema\/logo\/image\/\",\"url\":\"https:\/\/businesscenters.cat\/wp-content\/uploads\/2018\/09\/business-logo-w.png\",\"contentUrl\":\"https:\/\/businesscenters.cat\/wp-content\/uploads\/2018\/09\/business-logo-w.png\",\"width\":250,\"height\":105,\"caption\":\"Business Centers Barcelona\"},\"image\":{\"@id\":\"https:\/\/businesscenters.cat\/ca\/#\/schema\/logo\/image\/\"}},{\"@type\":\"Person\",\"@id\":\"https:\/\/businesscenters.cat\/ca\/#\/schema\/person\/603ecda97c8f0947e116a2b7f86eaa66\",\"name\":\"Amaya Morlans\",\"image\":{\"@type\":\"ImageObject\",\"inLanguage\":\"ca\",\"@id\":\"https:\/\/businesscenters.cat\/ca\/#\/schema\/person\/image\/\",\"url\":\"https:\/\/secure.gravatar.com\/avatar\/5a787c54ec35f07dae49a7353e043d58?s=96&d=mm&r=g\",\"contentUrl\":\"https:\/\/secure.gravatar.com\/avatar\/5a787c54ec35f07dae49a7353e043d58?s=96&d=mm&r=g\",\"caption\":\"Amaya Morlans\"},\"url\":\"https:\/\/businesscenters.cat\/ca\/blog\/author\/amaya-memorandum\/\"}]}<\/script>\n<!-- \/ Yoast SEO plugin. -->","yoast_head_json":{"title":"Espais de treball flexibles per a equips per projectes","description":"Descobreix com els espais de treball flexibles ajuden a gestionar equips per projectes, controlar costos i adaptar cada oficina.","robots":{"index":"index","follow":"follow","max-snippet":"max-snippet:-1","max-image-preview":"max-image-preview:large","max-video-preview":"max-video-preview:-1"},"canonical":"https:\/\/businesscenters.cat\/ca\/blog\/espais-de-treball-flexibles-per-a-equips-per-projectes\/","og_locale":"ca_ES","og_type":"article","og_title":"Espais de treball flexibles per a equips per projectes","og_description":"Descobreix com els espais de treball flexibles ajuden a gestionar equips per projectes, controlar costos i adaptar cada oficina.","og_url":"https:\/\/businesscenters.cat\/ca\/blog\/espais-de-treball-flexibles-per-a-equips-per-projectes\/","og_site_name":"Business Centers Barcelona","article_published_time":"2026-08-20T08:30:21+00:00","article_modified_time":"2026-09-04T10:53:01+00:00","og_image":[{"width":1140,"height":642,"url":"https:\/\/businesscenters.cat\/wp-content\/uploads\/2026\/09\/Espacios-de-trabajo-flexibles-para-equipos-por-proyectos.jpg","type":"image\/jpeg"}],"author":"Amaya Morlans","twitter_card":"summary_large_image","twitter_misc":{"Escrit per":"Amaya Morlans","Temps estimat de lectura":"9 minuts"},"schema":{"@context":"https:\/\/schema.org","@graph":[{"@type":"Article","@id":"https:\/\/businesscenters.cat\/ca\/blog\/espais-de-treball-flexibles-per-a-equips-per-projectes\/#article","isPartOf":{"@id":"https:\/\/businesscenters.cat\/ca\/blog\/espais-de-treball-flexibles-per-a-equips-per-projectes\/"},"author":{"name":"Amaya Morlans","@id":"https:\/\/businesscenters.cat\/ca\/#\/schema\/person\/603ecda97c8f0947e116a2b7f86eaa66"},"headline":"Espais de treball flexibles per a equips per projectes","datePublished":"2026-08-20T08:30:21+00:00","dateModified":"2026-09-04T10:53:01+00:00","mainEntityOfPage":{"@id":"https:\/\/businesscenters.cat\/ca\/blog\/espais-de-treball-flexibles-per-a-equips-per-projectes\/"},"wordCount":1889,"commentCount":0,"publisher":{"@id":"https:\/\/businesscenters.cat\/ca\/#organization"},"image":{"@id":"https:\/\/businesscenters.cat\/ca\/blog\/espais-de-treball-flexibles-per-a-equips-per-projectes\/#primaryimage"},"thumbnailUrl":"https:\/\/businesscenters.cat\/wp-content\/uploads\/2026\/09\/Espacios-de-trabajo-flexibles-para-equipos-por-proyectos.jpg","keywords":["abogados Barcelona","alquiler de coworking amueblado barcelona","alquiler despachos grandes en barcelona","business center barcelona","pasei d\u00b4gr\u00e0cia","recepci\u00f3 amb personal professional al c\u00e0rrec","\u200b\u200bdespatxos decorats a barcelona"],"articleSection":["Uncategorized @ca"],"inLanguage":"ca","potentialAction":[{"@type":"CommentAction","name":"Comment","target":["https:\/\/businesscenters.cat\/ca\/blog\/espais-de-treball-flexibles-per-a-equips-per-projectes\/#respond"]}]},{"@type":"WebPage","@id":"https:\/\/businesscenters.cat\/ca\/blog\/espais-de-treball-flexibles-per-a-equips-per-projectes\/","url":"https:\/\/businesscenters.cat\/ca\/blog\/espais-de-treball-flexibles-per-a-equips-per-projectes\/","name":"Espais de treball flexibles per a equips per projectes","isPartOf":{"@id":"https:\/\/businesscenters.cat\/ca\/#website"},"primaryImageOfPage":{"@id":"https:\/\/businesscenters.cat\/ca\/blog\/espais-de-treball-flexibles-per-a-equips-per-projectes\/#primaryimage"},"image":{"@id":"https:\/\/businesscenters.cat\/ca\/blog\/espais-de-treball-flexibles-per-a-equips-per-projectes\/#primaryimage"},"thumbnailUrl":"https:\/\/businesscenters.cat\/wp-content\/uploads\/2026\/09\/Espacios-de-trabajo-flexibles-para-equipos-por-proyectos.jpg","datePublished":"2026-08-20T08:30:21+00:00","dateModified":"2026-09-04T10:53:01+00:00","description":"Descobreix com els espais de treball flexibles ajuden a gestionar equips per projectes, controlar costos i adaptar cada oficina.","breadcrumb":{"@id":"https:\/\/businesscenters.cat\/ca\/blog\/espais-de-treball-flexibles-per-a-equips-per-projectes\/#breadcrumb"},"inLanguage":"ca","potentialAction":[{"@type":"ReadAction","target":["https:\/\/businesscenters.cat\/ca\/blog\/espais-de-treball-flexibles-per-a-equips-per-projectes\/"]}]},{"@type":"ImageObject","inLanguage":"ca","@id":"https:\/\/businesscenters.cat\/ca\/blog\/espais-de-treball-flexibles-per-a-equips-per-projectes\/#primaryimage","url":"https:\/\/businesscenters.cat\/wp-content\/uploads\/2026\/09\/Espacios-de-trabajo-flexibles-para-equipos-por-proyectos.jpg","contentUrl":"https:\/\/businesscenters.cat\/wp-content\/uploads\/2026\/09\/Espacios-de-trabajo-flexibles-para-equipos-por-proyectos.jpg","width":1140,"height":642,"caption":"Espais de treball flexibles per a equips per projectes"},{"@type":"BreadcrumbList","@id":"https:\/\/businesscenters.cat\/ca\/blog\/espais-de-treball-flexibles-per-a-equips-per-projectes\/#breadcrumb","itemListElement":[{"@type":"ListItem","position":1,"name":"Portada","item":"https:\/\/businesscenters.cat\/ca\/"},{"@type":"ListItem","position":2,"name":"Espais de treball flexibles per a equips per projectes"}]},{"@type":"WebSite","@id":"https:\/\/businesscenters.cat\/ca\/#website","url":"https:\/\/businesscenters.cat\/ca\/","name":"Business Centers Barcelona","description":"Alquiler de oficinas, despachos y coworking en el centro de Barcelona","publisher":{"@id":"https:\/\/businesscenters.cat\/ca\/#organization"},"potentialAction":[{"@type":"SearchAction","target":{"@type":"EntryPoint","urlTemplate":"https:\/\/businesscenters.cat\/ca\/?s={search_term_string}"},"query-input":{"@type":"PropertyValueSpecification","valueRequired":true,"valueName":"search_term_string"}}],"inLanguage":"ca"},{"@type":"Organization","@id":"https:\/\/businesscenters.cat\/ca\/#organization","name":"Business Centers Barcelona","url":"https:\/\/businesscenters.cat\/ca\/","logo":{"@type":"ImageObject","inLanguage":"ca","@id":"https:\/\/businesscenters.cat\/ca\/#\/schema\/logo\/image\/","url":"https:\/\/businesscenters.cat\/wp-content\/uploads\/2018\/09\/business-logo-w.png","contentUrl":"https:\/\/businesscenters.cat\/wp-content\/uploads\/2018\/09\/business-logo-w.png","width":250,"height":105,"caption":"Business Centers Barcelona"},"image":{"@id":"https:\/\/businesscenters.cat\/ca\/#\/schema\/logo\/image\/"}},{"@type":"Person","@id":"https:\/\/businesscenters.cat\/ca\/#\/schema\/person\/603ecda97c8f0947e116a2b7f86eaa66","name":"Amaya Morlans","image":{"@type":"ImageObject","inLanguage":"ca","@id":"https:\/\/businesscenters.cat\/ca\/#\/schema\/person\/image\/","url":"https:\/\/secure.gravatar.com\/avatar\/5a787c54ec35f07dae49a7353e043d58?s=96&d=mm&r=g","contentUrl":"https:\/\/secure.gravatar.com\/avatar\/5a787c54ec35f07dae49a7353e043d58?s=96&d=mm&r=g","caption":"Amaya Morlans"},"url":"https:\/\/businesscenters.cat\/ca\/blog\/author\/amaya-memorandum\/"}]}},"_links":{"self":[{"href":"https:\/\/businesscenters.cat\/ca\/wp-json\/wp\/v2\/posts\/9223","targetHints":{"allow":["GET"]}}],"collection":[{"href":"https:\/\/businesscenters.cat\/ca\/wp-json\/wp\/v2\/posts"}],"about":[{"href":"https:\/\/businesscenters.cat\/ca\/wp-json\/wp\/v2\/types\/post"}],"author":[{"embeddable":true,"href":"https:\/\/businesscenters.cat\/ca\/wp-json\/wp\/v2\/users\/9"}],"replies":[{"embeddable":true,"href":"https:\/\/businesscenters.cat\/ca\/wp-json\/wp\/v2\/comments?post=9223"}],"version-history":[{"count":1,"href":"https:\/\/businesscenters.cat\/ca\/wp-json\/wp\/v2\/posts\/9223\/revisions"}],"predecessor-version":[{"id":9224,"href":"https:\/\/businesscenters.cat\/ca\/wp-json\/wp\/v2\/posts\/9223\/revisions\/9224"}],"wp:featuredmedia":[{"embeddable":true,"href":"https:\/\/businesscenters.cat\/ca\/wp-json\/wp\/v2\/media\/9209"}],"wp:attachment":[{"href":"https:\/\/businesscenters.cat\/ca\/wp-json\/wp\/v2\/media?parent=9223"}],"wp:term":[{"taxonomy":"category","embeddable":true,"href":"https:\/\/businesscenters.cat\/ca\/wp-json\/wp\/v2\/categories?post=9223"},{"taxonomy":"post_tag","embeddable":true,"href":"https:\/\/businesscenters.cat\/ca\/wp-json\/wp\/v2\/tags?post=9223"}],"curies":[{"name":"wp","href":"https:\/\/api.w.org\/{rel}","templated":true}]}}