{"id":6689,"date":"2023-04-24T09:17:48","date_gmt":"2023-04-24T07:17:48","guid":{"rendered":"https:\/\/businesscenters.cat\/?p=6689"},"modified":"2023-07-10T16:24:22","modified_gmt":"2023-07-10T14:24:22","slug":"cuando-contratar-un-servicio-de-catering","status":"publish","type":"post","link":"https:\/\/businesscenters.cat\/es\/blog\/cuando-contratar-un-servicio-de-catering\/","title":{"rendered":"Cu\u00e1ndo contratar un servicio de catering"},"content":{"rendered":"<p>Decidir <strong>cu\u00e1ndo contratar un<a href=\"\/es?page_id=26\"> servicio de catering para un evento profesional<\/a> depende de varios factores<\/strong>, como el tama\u00f1o del evento, la duraci\u00f3n y la ubicaci\u00f3n, entre otros. A continuaci\u00f3n, te presento algunas consideraciones importantes que debes tener en cuenta antes de tomar una decisi\u00f3n.<\/p>\n<p>En primer lugar, si est\u00e1s planeando un evento que <strong>durar\u00e1 varias horas o todo el d\u00eda<\/strong>, puede ser necesario contratar un servicio de catering para proporcionar alimentos y bebidas para tus invitados. Si bien es posible que puedas proporcionar algunos aperitivos y bebidas b\u00e1sicas por tu cuenta, un servicio de catering puede ofrecer opciones m\u00e1s amplias y personalizadas, adem\u00e1s de un <a href=\"https:\/\/businesscenters.cat\/es\/blog\/el-espacio-en-las-reuniones-de-trabajo\/\">servicio completo<\/a> que incluya el montaje y la limpieza.<\/p>\n<p>Adem\u00e1s, si el evento es de gran escala y esperas que asistan muchas personas, es importante tener en cuenta que puede ser dif\u00edcil para ti y tu equipo proporcionar alimentos y bebidas suficientes para todos. En este caso, un servicio de <strong>catering profesional<\/strong> puede asegurarse de que tus invitados est\u00e9n bien atendidos y satisfechos durante todo el evento.<\/p>\n<p>La ubicaci\u00f3n del evento tambi\u00e9n es un factor a considerar. Si se trata de un lugar sin cocina o con acceso limitado a equipos de cocina, puede ser dif\u00edcil preparar alimentos en el lugar. En este caso, un servicio de catering puede proporcionar comidas y bebidas preparadas previamente y listas para servir.<\/p>\n<p>Finalmente, la <a href=\"https:\/\/businesscenters.cat\/es\/blog\/como-hacer-tu-oficina-mas-sostenible\/\">imagen y el prestigio de tu empresa pueden verse beneficiados<\/a> al contar con un servicio de catering de calidad. Un buen servicio de catering puede proporcionar un men\u00fa personalizado y de alta calidad que refleje la imagen y los valores de tu empresa, lo que puede mejorar la experiencia de tus invitados y dar una buena impresi\u00f3n.<\/p>\n<p><img fetchpriority=\"high\" decoding=\"async\" class=\"aligncenter size-full wp-image-6693\" src=\"https:\/\/businesscenters.cat\/wp-content\/uploads\/2023\/04\/picoteo-empresa.jpg\" alt=\"picoteo empresa\" width=\"800\" height=\"500\" srcset=\"https:\/\/businesscenters.cat\/wp-content\/uploads\/2023\/04\/picoteo-empresa.jpg 800w, https:\/\/businesscenters.cat\/wp-content\/uploads\/2023\/04\/picoteo-empresa-300x188.jpg 300w, https:\/\/businesscenters.cat\/wp-content\/uploads\/2023\/04\/picoteo-empresa-768x480.jpg 768w\" sizes=\"(max-width: 800px) 100vw, 800px\" \/><\/p>\n<p><strong>Tipos de catering para eventos profesionales en Barcelona<\/strong><\/p>\n<p>Hay varios tipos de catering para<a href=\"https:\/\/businesscenters.cat\/es\/blog\/tendencias-en-espacios-de-trabajo-para-los-proximos-meses\/\"> eventos profesionales<\/a> que puedes considerar seg\u00fan el tipo de evento y las necesidades de tus invitados. A continuaci\u00f3n, te presento algunos de los tipos m\u00e1s comunes:<\/p>\n<ul>\n<li><strong>Buffet:<\/strong> El catering tipo buffet consiste en una mesa o varias mesas dispuestas con diferentes opciones de alimentos y bebidas. Los invitados pueden servirse a s\u00ed mismos y elegir entre una variedad de opciones, lo que les brinda m\u00e1s flexibilidad y variedad. Este tipo de catering es ideal para eventos informales y con muchos invitados.<\/li>\n<li><strong>Servicio de banquete:<\/strong> Este tipo de catering implica que los invitados se sientan en mesas y los alimentos son servidos por meseros. Los platos pueden ser pre-seleccionados o pueden ofrecer opciones a los invitados para elegir en el lugar. Este tipo de catering es ideal para eventos m\u00e1s formales y elegantes.<\/li>\n<li><strong>Barra de comida o bebida:<\/strong> Una barra de comida o bebida es una estaci\u00f3n donde los invitados pueden servirse a s\u00ed mismos de un solo tipo de comida o bebida. Por ejemplo, una barra de c\u00f3cteles o una barra de ensaladas. Este tipo de catering es ideal para eventos donde se desea dar un toque m\u00e1s interactivo y personalizado a la experiencia de los invitados.<\/li>\n<li><strong>Comida tem\u00e1tica:<\/strong> Un catering tem\u00e1tico implica que la comida y la decoraci\u00f3n est\u00e1n dise\u00f1ados para un tema espec\u00edfico. Por ejemplo, un evento con tem\u00e1tica mexicana podr\u00eda ofrecer tacos, nachos y margaritas. Este tipo de catering es ideal para eventos informales o tem\u00e1ticos.<\/li>\n<li><strong>Comida y bebida de alta calidad:<\/strong> Este tipo de catering es ideal para eventos en los que la calidad de la comida y la bebida es fundamental, como cenas de gala o eventos de lujo. Los platos pueden ser seleccionados cuidadosamente y dise\u00f1ados para sorprender y deleitar a los invitados.<\/li>\n<\/ul>\n<p><img decoding=\"async\" class=\"aligncenter size-full wp-image-6696\" src=\"https:\/\/businesscenters.cat\/wp-content\/uploads\/2023\/04\/profesional.jpg\" alt=\"camarero\" width=\"800\" height=\"500\" srcset=\"https:\/\/businesscenters.cat\/wp-content\/uploads\/2023\/04\/profesional.jpg 800w, https:\/\/businesscenters.cat\/wp-content\/uploads\/2023\/04\/profesional-300x188.jpg 300w, https:\/\/businesscenters.cat\/wp-content\/uploads\/2023\/04\/profesional-768x480.jpg 768w\" sizes=\"(max-width: 800px) 100vw, 800px\" \/><\/p>\n<p>&nbsp;<\/p>\n<p><strong>Servicios de catering de Barcelona Business Centers<\/strong><\/p>\n<p><strong>Contamos con servicio de catering<\/strong> para que puedas organizar el evento que quieres, para que tus eventos, reuniones y formaciones sean un \u00e9xito. Nosotros nos encargamos de todo para que no tengas que preocuparte por los detalles de bar o catering, nos adaptamos a lo que necesites para cada ocasi\u00f3n.<\/p>\n<p>Consulta nuestra lista de servicios adicionales y <a href=\"\/es?page_id=28\">ponte en contacto con nosotros<\/a> para ampliar detalles.<\/p>\n","protected":false},"excerpt":{"rendered":"<p>Decidir cu\u00e1ndo contratar un servicio de catering para un evento profesional depende de varios factores, como el tama\u00f1o del evento, la duraci\u00f3n y la ubicaci\u00f3n, entre otros. A continuaci\u00f3n, te presento algunas consideraciones importantes que debes tener en cuenta antes de tomar una decisi\u00f3n. En primer lugar, si est\u00e1s planeando un evento que durar\u00e1 varias [&hellip;]<\/p>\n","protected":false},"author":1,"featured_media":6690,"comment_status":"open","ping_status":"open","sticky":false,"template":"","format":"standard","meta":{"site-sidebar-layout":"default","site-content-layout":"default","ast-site-content-layout":"","site-content-style":"default","site-sidebar-style":"default","ast-global-header-display":"","ast-banner-title-visibility":"","ast-main-header-display":"","ast-hfb-above-header-display":"","ast-hfb-below-header-display":"","ast-hfb-mobile-header-display":"","site-post-title":"","ast-breadcrumbs-content":"","ast-featured-img":"","footer-sml-layout":"","theme-transparent-header-meta":"default","adv-header-id-meta":"","stick-header-meta":"","header-above-stick-meta":"","header-main-stick-meta":"","header-below-stick-meta":"","astra-migrate-meta-layouts":"default","ast-page-background-enabled":"default","ast-page-background-meta":{"desktop":{"background-color":"","background-image":"","background-repeat":"repeat","background-position":"center center","background-size":"auto","background-attachment":"scroll","background-type":"","background-media":"","overlay-type":"","overlay-color":"","overlay-gradient":""},"tablet":{"background-color":"","background-image":"","background-repeat":"repeat","background-position":"center center","background-size":"auto","background-attachment":"scroll","background-type":"","background-media":"","overlay-type":"","overlay-color":"","overlay-gradient":""},"mobile":{"background-color":"","background-image":"","background-repeat":"repeat","background-position":"center center","background-size":"auto","background-attachment":"scroll","background-type":"","background-media":"","overlay-type":"","overlay-color":"","overlay-gradient":""}},"ast-content-background-meta":{"desktop":{"background-color":"var(--ast-global-color-5)","background-image":"","background-repeat":"repeat","background-position":"center center","background-size":"auto","background-attachment":"scroll","background-type":"","background-media":"","overlay-type":"","overlay-color":"","overlay-gradient":""},"tablet":{"background-color":"var(--ast-global-color-5)","background-image":"","background-repeat":"repeat","background-position":"center center","background-size":"auto","background-attachment":"scroll","background-type":"","background-media":"","overlay-type":"","overlay-color":"","overlay-gradient":""},"mobile":{"background-color":"var(--ast-global-color-5)","background-image":"","background-repeat":"repeat","background-position":"center center","background-size":"auto","background-attachment":"scroll","background-type":"","background-media":"","overlay-type":"","overlay-color":"","overlay-gradient":""}},"_joinchat":[],"footnotes":""},"categories":[1],"tags":[],"class_list":["post-6689","post","type-post","status-publish","format-standard","has-post-thumbnail","hentry","category-sin-categorizar"],"yoast_head":"<!-- This site is optimized with the Yoast SEO plugin v24.8.1 - https:\/\/yoast.com\/wordpress\/plugins\/seo\/ -->\n<title>Cu\u00e1ndo contratar un servicio de catering<\/title>\n<meta name=\"description\" content=\"Decidir cu\u00e1ndo contratar un servicio de catering para un evento profesional depende de varios factores.\" \/>\n<meta name=\"robots\" content=\"index, follow, max-snippet:-1, max-image-preview:large, max-video-preview:-1\" \/>\n<link rel=\"canonical\" href=\"https:\/\/businesscenters.cat\/es\/blog\/cuando-contratar-un-servicio-de-catering\/\" \/>\n<meta property=\"og:locale\" content=\"es_ES\" \/>\n<meta property=\"og:type\" content=\"article\" \/>\n<meta property=\"og:title\" content=\"Cu\u00e1ndo contratar un servicio de catering\" \/>\n<meta property=\"og:description\" content=\"Decidir cu\u00e1ndo contratar un servicio de catering para un evento profesional depende de varios factores.\" \/>\n<meta property=\"og:url\" content=\"https:\/\/businesscenters.cat\/es\/blog\/cuando-contratar-un-servicio-de-catering\/\" \/>\n<meta property=\"og:site_name\" content=\"Business Centers Barcelona\" \/>\n<meta property=\"article:published_time\" content=\"2023-04-24T07:17:48+00:00\" \/>\n<meta property=\"article:modified_time\" content=\"2023-07-10T14:24:22+00:00\" \/>\n<meta property=\"og:image\" content=\"https:\/\/businesscenters.cat\/wp-content\/uploads\/2023\/04\/catering.jpg\" \/>\n\t<meta property=\"og:image:width\" content=\"800\" \/>\n\t<meta property=\"og:image:height\" content=\"500\" \/>\n\t<meta property=\"og:image:type\" content=\"image\/jpeg\" \/>\n<meta name=\"author\" content=\"admin\" \/>\n<meta name=\"twitter:card\" content=\"summary_large_image\" \/>\n<meta name=\"twitter:label1\" content=\"Escrito por\" \/>\n\t<meta name=\"twitter:data1\" content=\"admin\" \/>\n\t<meta name=\"twitter:label2\" content=\"Tiempo de lectura\" \/>\n\t<meta name=\"twitter:data2\" content=\"4 minutos\" \/>\n<script type=\"application\/ld+json\" class=\"yoast-schema-graph\">{\"@context\":\"https:\/\/schema.org\",\"@graph\":[{\"@type\":\"Article\",\"@id\":\"https:\/\/businesscenters.cat\/es\/blog\/cuando-contratar-un-servicio-de-catering\/#article\",\"isPartOf\":{\"@id\":\"https:\/\/businesscenters.cat\/es\/blog\/cuando-contratar-un-servicio-de-catering\/\"},\"author\":{\"name\":\"admin\",\"@id\":\"https:\/\/businesscenters.cat\/es\/#\/schema\/person\/c3a6287a8772b2bfa62dbb59b29854fd\"},\"headline\":\"Cu\u00e1ndo contratar un servicio de catering\",\"datePublished\":\"2023-04-24T07:17:48+00:00\",\"dateModified\":\"2023-07-10T14:24:22+00:00\",\"mainEntityOfPage\":{\"@id\":\"https:\/\/businesscenters.cat\/es\/blog\/cuando-contratar-un-servicio-de-catering\/\"},\"wordCount\":703,\"commentCount\":0,\"publisher\":{\"@id\":\"https:\/\/businesscenters.cat\/es\/#organization\"},\"image\":{\"@id\":\"https:\/\/businesscenters.cat\/es\/blog\/cuando-contratar-un-servicio-de-catering\/#primaryimage\"},\"thumbnailUrl\":\"https:\/\/businesscenters.cat\/wp-content\/uploads\/2023\/04\/catering.jpg\",\"articleSection\":[\"Sin categorizar\"],\"inLanguage\":\"es\",\"potentialAction\":[{\"@type\":\"CommentAction\",\"name\":\"Comment\",\"target\":[\"https:\/\/businesscenters.cat\/es\/blog\/cuando-contratar-un-servicio-de-catering\/#respond\"]}]},{\"@type\":\"WebPage\",\"@id\":\"https:\/\/businesscenters.cat\/es\/blog\/cuando-contratar-un-servicio-de-catering\/\",\"url\":\"https:\/\/businesscenters.cat\/es\/blog\/cuando-contratar-un-servicio-de-catering\/\",\"name\":\"Cu\u00e1ndo contratar un servicio de catering\",\"isPartOf\":{\"@id\":\"https:\/\/businesscenters.cat\/es\/#website\"},\"primaryImageOfPage\":{\"@id\":\"https:\/\/businesscenters.cat\/es\/blog\/cuando-contratar-un-servicio-de-catering\/#primaryimage\"},\"image\":{\"@id\":\"https:\/\/businesscenters.cat\/es\/blog\/cuando-contratar-un-servicio-de-catering\/#primaryimage\"},\"thumbnailUrl\":\"https:\/\/businesscenters.cat\/wp-content\/uploads\/2023\/04\/catering.jpg\",\"datePublished\":\"2023-04-24T07:17:48+00:00\",\"dateModified\":\"2023-07-10T14:24:22+00:00\",\"description\":\"Decidir cu\u00e1ndo contratar un servicio de catering para un evento profesional depende de varios factores.\",\"breadcrumb\":{\"@id\":\"https:\/\/businesscenters.cat\/es\/blog\/cuando-contratar-un-servicio-de-catering\/#breadcrumb\"},\"inLanguage\":\"es\",\"potentialAction\":[{\"@type\":\"ReadAction\",\"target\":[\"https:\/\/businesscenters.cat\/es\/blog\/cuando-contratar-un-servicio-de-catering\/\"]}]},{\"@type\":\"ImageObject\",\"inLanguage\":\"es\",\"@id\":\"https:\/\/businesscenters.cat\/es\/blog\/cuando-contratar-un-servicio-de-catering\/#primaryimage\",\"url\":\"https:\/\/businesscenters.cat\/wp-content\/uploads\/2023\/04\/catering.jpg\",\"contentUrl\":\"https:\/\/businesscenters.cat\/wp-content\/uploads\/2023\/04\/catering.jpg\",\"width\":800,\"height\":500,\"caption\":\"catering barcelona\"},{\"@type\":\"BreadcrumbList\",\"@id\":\"https:\/\/businesscenters.cat\/es\/blog\/cuando-contratar-un-servicio-de-catering\/#breadcrumb\",\"itemListElement\":[{\"@type\":\"ListItem\",\"position\":1,\"name\":\"Portada\",\"item\":\"https:\/\/businesscenters.cat\/es\/\"},{\"@type\":\"ListItem\",\"position\":2,\"name\":\"Cu\u00e1ndo contratar un servicio de catering\"}]},{\"@type\":\"WebSite\",\"@id\":\"https:\/\/businesscenters.cat\/es\/#website\",\"url\":\"https:\/\/businesscenters.cat\/es\/\",\"name\":\"Business Centers Barcelona\",\"description\":\"Alquiler de oficinas, despachos y coworking en el centro de Barcelona\",\"publisher\":{\"@id\":\"https:\/\/businesscenters.cat\/es\/#organization\"},\"potentialAction\":[{\"@type\":\"SearchAction\",\"target\":{\"@type\":\"EntryPoint\",\"urlTemplate\":\"https:\/\/businesscenters.cat\/es\/?s={search_term_string}\"},\"query-input\":{\"@type\":\"PropertyValueSpecification\",\"valueRequired\":true,\"valueName\":\"search_term_string\"}}],\"inLanguage\":\"es\"},{\"@type\":\"Organization\",\"@id\":\"https:\/\/businesscenters.cat\/es\/#organization\",\"name\":\"Business Centers Barcelona\",\"url\":\"https:\/\/businesscenters.cat\/es\/\",\"logo\":{\"@type\":\"ImageObject\",\"inLanguage\":\"es\",\"@id\":\"https:\/\/businesscenters.cat\/es\/#\/schema\/logo\/image\/\",\"url\":\"https:\/\/businesscenters.cat\/wp-content\/uploads\/2018\/09\/business-logo-w.png\",\"contentUrl\":\"https:\/\/businesscenters.cat\/wp-content\/uploads\/2018\/09\/business-logo-w.png\",\"width\":250,\"height\":105,\"caption\":\"Business Centers Barcelona\"},\"image\":{\"@id\":\"https:\/\/businesscenters.cat\/es\/#\/schema\/logo\/image\/\"}},{\"@type\":\"Person\",\"@id\":\"https:\/\/businesscenters.cat\/es\/#\/schema\/person\/c3a6287a8772b2bfa62dbb59b29854fd\",\"name\":\"admin\",\"image\":{\"@type\":\"ImageObject\",\"inLanguage\":\"es\",\"@id\":\"https:\/\/businesscenters.cat\/es\/#\/schema\/person\/image\/\",\"url\":\"https:\/\/secure.gravatar.com\/avatar\/f2f0cbea46c11178f634415d0225b67a?s=96&d=mm&r=g\",\"contentUrl\":\"https:\/\/secure.gravatar.com\/avatar\/f2f0cbea46c11178f634415d0225b67a?s=96&d=mm&r=g\",\"caption\":\"admin\"},\"url\":\"https:\/\/businesscenters.cat\/es\/blog\/author\/administrador_ljiegyza\/\"}]}<\/script>\n<!-- \/ Yoast SEO plugin. -->","yoast_head_json":{"title":"Cu\u00e1ndo contratar un servicio de catering","description":"Decidir cu\u00e1ndo contratar un servicio de catering para un evento profesional depende de varios factores.","robots":{"index":"index","follow":"follow","max-snippet":"max-snippet:-1","max-image-preview":"max-image-preview:large","max-video-preview":"max-video-preview:-1"},"canonical":"https:\/\/businesscenters.cat\/es\/blog\/cuando-contratar-un-servicio-de-catering\/","og_locale":"es_ES","og_type":"article","og_title":"Cu\u00e1ndo contratar un servicio de catering","og_description":"Decidir cu\u00e1ndo contratar un servicio de catering para un evento profesional depende de varios factores.","og_url":"https:\/\/businesscenters.cat\/es\/blog\/cuando-contratar-un-servicio-de-catering\/","og_site_name":"Business Centers Barcelona","article_published_time":"2023-04-24T07:17:48+00:00","article_modified_time":"2023-07-10T14:24:22+00:00","og_image":[{"width":800,"height":500,"url":"https:\/\/businesscenters.cat\/wp-content\/uploads\/2023\/04\/catering.jpg","type":"image\/jpeg"}],"author":"admin","twitter_card":"summary_large_image","twitter_misc":{"Escrito por":"admin","Tiempo de lectura":"4 minutos"},"schema":{"@context":"https:\/\/schema.org","@graph":[{"@type":"Article","@id":"https:\/\/businesscenters.cat\/es\/blog\/cuando-contratar-un-servicio-de-catering\/#article","isPartOf":{"@id":"https:\/\/businesscenters.cat\/es\/blog\/cuando-contratar-un-servicio-de-catering\/"},"author":{"name":"admin","@id":"https:\/\/businesscenters.cat\/es\/#\/schema\/person\/c3a6287a8772b2bfa62dbb59b29854fd"},"headline":"Cu\u00e1ndo contratar un servicio de catering","datePublished":"2023-04-24T07:17:48+00:00","dateModified":"2023-07-10T14:24:22+00:00","mainEntityOfPage":{"@id":"https:\/\/businesscenters.cat\/es\/blog\/cuando-contratar-un-servicio-de-catering\/"},"wordCount":703,"commentCount":0,"publisher":{"@id":"https:\/\/businesscenters.cat\/es\/#organization"},"image":{"@id":"https:\/\/businesscenters.cat\/es\/blog\/cuando-contratar-un-servicio-de-catering\/#primaryimage"},"thumbnailUrl":"https:\/\/businesscenters.cat\/wp-content\/uploads\/2023\/04\/catering.jpg","articleSection":["Sin categorizar"],"inLanguage":"es","potentialAction":[{"@type":"CommentAction","name":"Comment","target":["https:\/\/businesscenters.cat\/es\/blog\/cuando-contratar-un-servicio-de-catering\/#respond"]}]},{"@type":"WebPage","@id":"https:\/\/businesscenters.cat\/es\/blog\/cuando-contratar-un-servicio-de-catering\/","url":"https:\/\/businesscenters.cat\/es\/blog\/cuando-contratar-un-servicio-de-catering\/","name":"Cu\u00e1ndo contratar un servicio de catering","isPartOf":{"@id":"https:\/\/businesscenters.cat\/es\/#website"},"primaryImageOfPage":{"@id":"https:\/\/businesscenters.cat\/es\/blog\/cuando-contratar-un-servicio-de-catering\/#primaryimage"},"image":{"@id":"https:\/\/businesscenters.cat\/es\/blog\/cuando-contratar-un-servicio-de-catering\/#primaryimage"},"thumbnailUrl":"https:\/\/businesscenters.cat\/wp-content\/uploads\/2023\/04\/catering.jpg","datePublished":"2023-04-24T07:17:48+00:00","dateModified":"2023-07-10T14:24:22+00:00","description":"Decidir cu\u00e1ndo contratar un servicio de catering para un evento profesional depende de varios factores.","breadcrumb":{"@id":"https:\/\/businesscenters.cat\/es\/blog\/cuando-contratar-un-servicio-de-catering\/#breadcrumb"},"inLanguage":"es","potentialAction":[{"@type":"ReadAction","target":["https:\/\/businesscenters.cat\/es\/blog\/cuando-contratar-un-servicio-de-catering\/"]}]},{"@type":"ImageObject","inLanguage":"es","@id":"https:\/\/businesscenters.cat\/es\/blog\/cuando-contratar-un-servicio-de-catering\/#primaryimage","url":"https:\/\/businesscenters.cat\/wp-content\/uploads\/2023\/04\/catering.jpg","contentUrl":"https:\/\/businesscenters.cat\/wp-content\/uploads\/2023\/04\/catering.jpg","width":800,"height":500,"caption":"catering barcelona"},{"@type":"BreadcrumbList","@id":"https:\/\/businesscenters.cat\/es\/blog\/cuando-contratar-un-servicio-de-catering\/#breadcrumb","itemListElement":[{"@type":"ListItem","position":1,"name":"Portada","item":"https:\/\/businesscenters.cat\/es\/"},{"@type":"ListItem","position":2,"name":"Cu\u00e1ndo contratar un servicio de catering"}]},{"@type":"WebSite","@id":"https:\/\/businesscenters.cat\/es\/#website","url":"https:\/\/businesscenters.cat\/es\/","name":"Business Centers Barcelona","description":"Alquiler de oficinas, despachos y coworking en el centro de Barcelona","publisher":{"@id":"https:\/\/businesscenters.cat\/es\/#organization"},"potentialAction":[{"@type":"SearchAction","target":{"@type":"EntryPoint","urlTemplate":"https:\/\/businesscenters.cat\/es\/?s={search_term_string}"},"query-input":{"@type":"PropertyValueSpecification","valueRequired":true,"valueName":"search_term_string"}}],"inLanguage":"es"},{"@type":"Organization","@id":"https:\/\/businesscenters.cat\/es\/#organization","name":"Business Centers Barcelona","url":"https:\/\/businesscenters.cat\/es\/","logo":{"@type":"ImageObject","inLanguage":"es","@id":"https:\/\/businesscenters.cat\/es\/#\/schema\/logo\/image\/","url":"https:\/\/businesscenters.cat\/wp-content\/uploads\/2018\/09\/business-logo-w.png","contentUrl":"https:\/\/businesscenters.cat\/wp-content\/uploads\/2018\/09\/business-logo-w.png","width":250,"height":105,"caption":"Business Centers Barcelona"},"image":{"@id":"https:\/\/businesscenters.cat\/es\/#\/schema\/logo\/image\/"}},{"@type":"Person","@id":"https:\/\/businesscenters.cat\/es\/#\/schema\/person\/c3a6287a8772b2bfa62dbb59b29854fd","name":"admin","image":{"@type":"ImageObject","inLanguage":"es","@id":"https:\/\/businesscenters.cat\/es\/#\/schema\/person\/image\/","url":"https:\/\/secure.gravatar.com\/avatar\/f2f0cbea46c11178f634415d0225b67a?s=96&d=mm&r=g","contentUrl":"https:\/\/secure.gravatar.com\/avatar\/f2f0cbea46c11178f634415d0225b67a?s=96&d=mm&r=g","caption":"admin"},"url":"https:\/\/businesscenters.cat\/es\/blog\/author\/administrador_ljiegyza\/"}]}},"_links":{"self":[{"href":"https:\/\/businesscenters.cat\/es\/wp-json\/wp\/v2\/posts\/6689","targetHints":{"allow":["GET"]}}],"collection":[{"href":"https:\/\/businesscenters.cat\/es\/wp-json\/wp\/v2\/posts"}],"about":[{"href":"https:\/\/businesscenters.cat\/es\/wp-json\/wp\/v2\/types\/post"}],"author":[{"embeddable":true,"href":"https:\/\/businesscenters.cat\/es\/wp-json\/wp\/v2\/users\/1"}],"replies":[{"embeddable":true,"href":"https:\/\/businesscenters.cat\/es\/wp-json\/wp\/v2\/comments?post=6689"}],"version-history":[{"count":0,"href":"https:\/\/businesscenters.cat\/es\/wp-json\/wp\/v2\/posts\/6689\/revisions"}],"wp:featuredmedia":[{"embeddable":true,"href":"https:\/\/businesscenters.cat\/es\/wp-json\/wp\/v2\/media\/6690"}],"wp:attachment":[{"href":"https:\/\/businesscenters.cat\/es\/wp-json\/wp\/v2\/media?parent=6689"}],"wp:term":[{"taxonomy":"category","embeddable":true,"href":"https:\/\/businesscenters.cat\/es\/wp-json\/wp\/v2\/categories?post=6689"},{"taxonomy":"post_tag","embeddable":true,"href":"https:\/\/businesscenters.cat\/es\/wp-json\/wp\/v2\/tags?post=6689"}],"curies":[{"name":"wp","href":"https:\/\/api.w.org\/{rel}","templated":true}]}}