{"id":8989,"date":"2026-02-12T10:30:43","date_gmt":"2026-02-12T09:30:43","guid":{"rendered":"https:\/\/businesscenters.cat\/?p=8989"},"modified":"2026-02-19T16:06:43","modified_gmt":"2026-02-19T15:06:43","slug":"que-criterios-tener-en-cuenta-al-reservar-una-sala-de-reuniones","status":"publish","type":"post","link":"https:\/\/businesscenters.cat\/es\/blog\/que-criterios-tener-en-cuenta-al-reservar-una-sala-de-reuniones\/","title":{"rendered":"Qu\u00e9 criterios tener en cuenta al reservar una sala de reuniones"},"content":{"rendered":"<p>Reservar una sala de reuniones adecuada es un factor clave para el \u00e9xito de cualquier encuentro profesional. Ya sea una reuni\u00f3n con clientes, una presentaci\u00f3n comercial, una <u><a href=\"https:\/\/businesscenters.cat\/es\/servicios\/salas-formacion-barcelona\/\">sesi\u00f3n de formaci\u00f3n<\/a><\/u> o una videoconferencia, el espacio elegido influye directamente en la productividad, la comunicaci\u00f3n y la imagen de la empresa. A continuaci\u00f3n, analizamos los <strong>criterios m\u00e1s importantes que debes tener en cuenta al reservar una sala de reuniones<\/strong>.<\/p>\n<h2>Ubicaci\u00f3n y accesibilidad<\/h2>\n<p>Uno de los primeros aspectos a valorar es la <strong>ubicaci\u00f3n de la <u><a href=\"https:\/\/businesscenters.cat\/es\/servicios\/salas-formacion-barcelona\/\">sala de reuniones<\/a><\/u><\/strong>. Un espacio bien situado, c\u00e9ntrico y con buenas conexiones de transporte p\u00fablico facilita la asistencia de clientes, colaboradores y empleados. Adem\u00e1s, contar con parkings cercanos o accesos adaptados mejora la experiencia de los asistentes y proyecta una imagen profesional.<\/p>\n<h2>Capacidad y distribuci\u00f3n del espacio<\/h2>\n<p>Es fundamental elegir una sala con la <strong>capacidad adecuada<\/strong> al n\u00famero de asistentes. Una sala demasiado peque\u00f1a genera incomodidad, mientras que una excesivamente grande puede resultar poco funcional. Tambi\u00e9n es importante considerar la <strong>distribuci\u00f3n del mobiliario<\/strong>: mesa de juntas, disposici\u00f3n en U, formato aula o disposici\u00f3n tipo teatro, seg\u00fan el tipo de reuni\u00f3n o evento.<\/p>\n<h2>Equipamiento tecnol\u00f3gico<\/h2>\n<p>El equipamiento es un criterio decisivo al reservar una sala de reuniones. Pantallas o proyectores, conexi\u00f3n Wi-Fi de alta velocidad, sistemas de videoconferencia, altavoces y pizarras son elementos que facilitan la comunicaci\u00f3n y evitan interrupciones. Una sala bien equipada permite centrarse en el contenido de la reuni\u00f3n sin problemas t\u00e9cnicos.<\/p>\n<h2>Privacidad y aislamiento ac\u00fastico<\/h2>\n<p>La <strong>confidencialidad<\/strong> es esencial en reuniones estrat\u00e9gicas o negociaciones. Aseg\u00farate de que la sala ofrezca un buen aislamiento ac\u00fastico y un entorno tranquilo, libre de ruidos externos. Este aspecto es especialmente relevante cuando se tratan temas sensibles o se realizan llamadas y videoconferencias importantes.<\/p>\n<h2>Servicios adicionales incluidos<\/h2>\n<p>Al reservar una sala de reuniones en un centro de negocios, conviene valorar los <strong>servicios complementarios<\/strong>: recepci\u00f3n de invitados, soporte t\u00e9cnico, servicio de coffee break, climatizaci\u00f3n, limpieza y asistencia durante la reuni\u00f3n. Estos servicios aportan comodidad y refuerzan la imagen profesional de la empresa.<\/p>\n<h2>Flexibilidad horaria y condiciones de alquiler<\/h2>\n<p>Otro criterio importante es la <strong>flexibilidad en la reserva<\/strong>. Poder <u><a href=\"https:\/\/businesscenters.cat\/es\/servicios\/alquiler-oficinas-despachos-barcelona\/\">alquilar la sala por horas<\/a><\/u>, medias jornadas o d\u00edas completos permite optimizar costes y adaptarse a las necesidades reales del negocio. Adem\u00e1s, es recomendable revisar las condiciones de uso, cancelaciones y posibles ampliaciones de horario.<\/p>\n<h2>Imagen corporativa y entorno profesional<\/h2>\n<p>La sala de reuniones es una extensi\u00f3n de tu marca. Un entorno moderno, cuidado y profesional transmite confianza y credibilidad a clientes y socios. La est\u00e9tica del espacio, la iluminaci\u00f3n y el estado del mobiliario influyen directamente en la percepci\u00f3n que los asistentes tienen de tu empresa.<\/p>\n<h2>\u00bfPor qu\u00e9 reservar tus salas de reuniones en un centro de negocios profesional?<\/h2>\n<p><u><a href=\"https:\/\/businesscenters.cat\/es\/\">C\u00f3rcega Business Center<\/a><\/u> pone a disposici\u00f3n de empresas y profesionales salas de reuniones totalmente equipadas en una ubicaci\u00f3n estrat\u00e9gica de Barcelona. Sus espacios ofrecen tecnolog\u00eda avanzada, atenci\u00f3n personalizada y flexibilidad de alquiler, convirti\u00e9ndose en la <strong>soluci\u00f3n ideal<\/strong> para reuniones, presentaciones y encuentros corporativos que requieren un entorno profesional, c\u00f3modo y representativo.<\/p>\n","protected":false},"excerpt":{"rendered":"<p>Reservar una sala de reuniones adecuada es un factor clave para el \u00e9xito de cualquier encuentro profesional. Ya sea una reuni\u00f3n con clientes, una presentaci\u00f3n comercial, una sesi\u00f3n de formaci\u00f3n o una videoconferencia, el espacio elegido influye directamente en la productividad, la comunicaci\u00f3n y la imagen de la empresa. A continuaci\u00f3n, analizamos los criterios m\u00e1s [&hellip;]<\/p>\n","protected":false},"author":9,"featured_media":8990,"comment_status":"open","ping_status":"open","sticky":false,"template":"","format":"standard","meta":{"site-sidebar-layout":"default","site-content-layout":"","ast-site-content-layout":"default","site-content-style":"default","site-sidebar-style":"default","ast-global-header-display":"","ast-banner-title-visibility":"","ast-main-header-display":"","ast-hfb-above-header-display":"","ast-hfb-below-header-display":"","ast-hfb-mobile-header-display":"","site-post-title":"","ast-breadcrumbs-content":"","ast-featured-img":"","footer-sml-layout":"","theme-transparent-header-meta":"default","adv-header-id-meta":"","stick-header-meta":"","header-above-stick-meta":"","header-main-stick-meta":"","header-below-stick-meta":"","astra-migrate-meta-layouts":"set","ast-page-background-enabled":"default","ast-page-background-meta":{"desktop":{"background-color":"","background-image":"","background-repeat":"repeat","background-position":"center center","background-size":"auto","background-attachment":"scroll","background-type":"","background-media":"","overlay-type":"","overlay-color":"","overlay-gradient":""},"tablet":{"background-color":"","background-image":"","background-repeat":"repeat","background-position":"center center","background-size":"auto","background-attachment":"scroll","background-type":"","background-media":"","overlay-type":"","overlay-color":"","overlay-gradient":""},"mobile":{"background-color":"","background-image":"","background-repeat":"repeat","background-position":"center center","background-size":"auto","background-attachment":"scroll","background-type":"","background-media":"","overlay-type":"","overlay-color":"","overlay-gradient":""}},"ast-content-background-meta":{"desktop":{"background-color":"var(--ast-global-color-5)","background-image":"","background-repeat":"repeat","background-position":"center center","background-size":"auto","background-attachment":"scroll","background-type":"","background-media":"","overlay-type":"","overlay-color":"","overlay-gradient":""},"tablet":{"background-color":"var(--ast-global-color-5)","background-image":"","background-repeat":"repeat","background-position":"center center","background-size":"auto","background-attachment":"scroll","background-type":"","background-media":"","overlay-type":"","overlay-color":"","overlay-gradient":""},"mobile":{"background-color":"var(--ast-global-color-5)","background-image":"","background-repeat":"repeat","background-position":"center center","background-size":"auto","background-attachment":"scroll","background-type":"","background-media":"","overlay-type":"","overlay-color":"","overlay-gradient":""}},"_joinchat":[],"footnotes":""},"categories":[1],"tags":[235,138,126,548,139,237,59,251,306],"class_list":["post-8989","post","type-post","status-publish","format-standard","has-post-thumbnail","hentry","category-sin-categorizar","tag-oficina-virtual","tag-oficina-virtual-barcelona","tag-paseo-de-gracia","tag-paseo-de-gracia-barcelona","tag-sala-reuniones-barcelona","tag-teletrabajo","tag-trabajar-en-barcelona","tag-trabajo-covid","tag-videoconferencias"],"yoast_head":"<!-- This site is optimized with the Yoast SEO plugin v24.8.1 - https:\/\/yoast.com\/wordpress\/plugins\/seo\/ -->\n<title>Qu\u00e9 criterios tener en cuenta al reservar una sala de reuniones<\/title>\n<meta name=\"description\" content=\"Descubre los criterios clave al reservar una sala de reuniones: ubicaci\u00f3n, equipamiento, privacidad y m\u00e1s para garantizar el \u00e9xito de tu encuentro profesional.\" \/>\n<meta name=\"robots\" content=\"index, follow, max-snippet:-1, max-image-preview:large, max-video-preview:-1\" \/>\n<link rel=\"canonical\" href=\"https:\/\/businesscenters.cat\/es\/blog\/que-criterios-tener-en-cuenta-al-reservar-una-sala-de-reuniones\/\" \/>\n<meta property=\"og:locale\" content=\"es_ES\" \/>\n<meta property=\"og:type\" content=\"article\" \/>\n<meta property=\"og:title\" content=\"Qu\u00e9 criterios tener en cuenta al reservar una sala de reuniones\" \/>\n<meta property=\"og:description\" content=\"Descubre los criterios clave al reservar una sala de reuniones: ubicaci\u00f3n, equipamiento, privacidad y m\u00e1s para garantizar el \u00e9xito de tu encuentro profesional.\" \/>\n<meta property=\"og:url\" content=\"https:\/\/businesscenters.cat\/es\/blog\/que-criterios-tener-en-cuenta-al-reservar-una-sala-de-reuniones\/\" \/>\n<meta property=\"og:site_name\" content=\"Business Centers Barcelona\" \/>\n<meta property=\"article:published_time\" content=\"2026-02-12T09:30:43+00:00\" \/>\n<meta property=\"article:modified_time\" content=\"2026-02-19T15:06:43+00:00\" \/>\n<meta property=\"og:image\" content=\"https:\/\/businesscenters.cat\/wp-content\/uploads\/2026\/02\/Que-criterios-tener-en-cuenta-al-reservar-una-sala-de-reuniones.png\" \/>\n\t<meta property=\"og:image:width\" content=\"1140\" \/>\n\t<meta property=\"og:image:height\" content=\"642\" \/>\n\t<meta property=\"og:image:type\" content=\"image\/png\" \/>\n<meta name=\"author\" content=\"Amaya Morlans\" \/>\n<meta name=\"twitter:card\" content=\"summary_large_image\" \/>\n<meta name=\"twitter:label1\" content=\"Escrito por\" \/>\n\t<meta name=\"twitter:data1\" content=\"Amaya Morlans\" \/>\n\t<meta name=\"twitter:label2\" content=\"Tiempo de lectura\" \/>\n\t<meta name=\"twitter:data2\" content=\"3 minutos\" \/>\n<script type=\"application\/ld+json\" class=\"yoast-schema-graph\">{\"@context\":\"https:\/\/schema.org\",\"@graph\":[{\"@type\":\"Article\",\"@id\":\"https:\/\/businesscenters.cat\/es\/blog\/que-criterios-tener-en-cuenta-al-reservar-una-sala-de-reuniones\/#article\",\"isPartOf\":{\"@id\":\"https:\/\/businesscenters.cat\/es\/blog\/que-criterios-tener-en-cuenta-al-reservar-una-sala-de-reuniones\/\"},\"author\":{\"name\":\"Amaya Morlans\",\"@id\":\"https:\/\/businesscenters.cat\/es\/#\/schema\/person\/603ecda97c8f0947e116a2b7f86eaa66\"},\"headline\":\"Qu\u00e9 criterios tener en cuenta al reservar una sala de reuniones\",\"datePublished\":\"2026-02-12T09:30:43+00:00\",\"dateModified\":\"2026-02-19T15:06:43+00:00\",\"mainEntityOfPage\":{\"@id\":\"https:\/\/businesscenters.cat\/es\/blog\/que-criterios-tener-en-cuenta-al-reservar-una-sala-de-reuniones\/\"},\"wordCount\":558,\"commentCount\":0,\"publisher\":{\"@id\":\"https:\/\/businesscenters.cat\/es\/#organization\"},\"image\":{\"@id\":\"https:\/\/businesscenters.cat\/es\/blog\/que-criterios-tener-en-cuenta-al-reservar-una-sala-de-reuniones\/#primaryimage\"},\"thumbnailUrl\":\"https:\/\/businesscenters.cat\/wp-content\/uploads\/2026\/02\/Que-criterios-tener-en-cuenta-al-reservar-una-sala-de-reuniones.png\",\"keywords\":[\"oficina virtual\",\"oficina virtual barcelona\",\"paseo de gracia\",\"paseo de gracia Barcelona\",\"sala reuniones barcelona\",\"teletrabajo\",\"trabajar en barcelona\",\"trabajo covid\",\"videoconferencias\"],\"articleSection\":[\"Sin categorizar\"],\"inLanguage\":\"es\",\"potentialAction\":[{\"@type\":\"CommentAction\",\"name\":\"Comment\",\"target\":[\"https:\/\/businesscenters.cat\/es\/blog\/que-criterios-tener-en-cuenta-al-reservar-una-sala-de-reuniones\/#respond\"]}]},{\"@type\":\"WebPage\",\"@id\":\"https:\/\/businesscenters.cat\/es\/blog\/que-criterios-tener-en-cuenta-al-reservar-una-sala-de-reuniones\/\",\"url\":\"https:\/\/businesscenters.cat\/es\/blog\/que-criterios-tener-en-cuenta-al-reservar-una-sala-de-reuniones\/\",\"name\":\"Qu\u00e9 criterios tener en cuenta al reservar una sala de reuniones\",\"isPartOf\":{\"@id\":\"https:\/\/businesscenters.cat\/es\/#website\"},\"primaryImageOfPage\":{\"@id\":\"https:\/\/businesscenters.cat\/es\/blog\/que-criterios-tener-en-cuenta-al-reservar-una-sala-de-reuniones\/#primaryimage\"},\"image\":{\"@id\":\"https:\/\/businesscenters.cat\/es\/blog\/que-criterios-tener-en-cuenta-al-reservar-una-sala-de-reuniones\/#primaryimage\"},\"thumbnailUrl\":\"https:\/\/businesscenters.cat\/wp-content\/uploads\/2026\/02\/Que-criterios-tener-en-cuenta-al-reservar-una-sala-de-reuniones.png\",\"datePublished\":\"2026-02-12T09:30:43+00:00\",\"dateModified\":\"2026-02-19T15:06:43+00:00\",\"description\":\"Descubre los criterios clave al reservar una sala de reuniones: ubicaci\u00f3n, equipamiento, privacidad y m\u00e1s para garantizar el \u00e9xito de tu encuentro profesional.\",\"breadcrumb\":{\"@id\":\"https:\/\/businesscenters.cat\/es\/blog\/que-criterios-tener-en-cuenta-al-reservar-una-sala-de-reuniones\/#breadcrumb\"},\"inLanguage\":\"es\",\"potentialAction\":[{\"@type\":\"ReadAction\",\"target\":[\"https:\/\/businesscenters.cat\/es\/blog\/que-criterios-tener-en-cuenta-al-reservar-una-sala-de-reuniones\/\"]}]},{\"@type\":\"ImageObject\",\"inLanguage\":\"es\",\"@id\":\"https:\/\/businesscenters.cat\/es\/blog\/que-criterios-tener-en-cuenta-al-reservar-una-sala-de-reuniones\/#primaryimage\",\"url\":\"https:\/\/businesscenters.cat\/wp-content\/uploads\/2026\/02\/Que-criterios-tener-en-cuenta-al-reservar-una-sala-de-reuniones.png\",\"contentUrl\":\"https:\/\/businesscenters.cat\/wp-content\/uploads\/2026\/02\/Que-criterios-tener-en-cuenta-al-reservar-una-sala-de-reuniones.png\",\"width\":1140,\"height\":642,\"caption\":\"Qu\u00e9 criterios tener en cuenta al reservar una sala de reuniones\"},{\"@type\":\"BreadcrumbList\",\"@id\":\"https:\/\/businesscenters.cat\/es\/blog\/que-criterios-tener-en-cuenta-al-reservar-una-sala-de-reuniones\/#breadcrumb\",\"itemListElement\":[{\"@type\":\"ListItem\",\"position\":1,\"name\":\"Portada\",\"item\":\"https:\/\/businesscenters.cat\/es\/\"},{\"@type\":\"ListItem\",\"position\":2,\"name\":\"Qu\u00e9 criterios tener en cuenta al reservar una sala de reuniones\"}]},{\"@type\":\"WebSite\",\"@id\":\"https:\/\/businesscenters.cat\/es\/#website\",\"url\":\"https:\/\/businesscenters.cat\/es\/\",\"name\":\"Business Centers Barcelona\",\"description\":\"Alquiler de oficinas, despachos y coworking en el centro de Barcelona\",\"publisher\":{\"@id\":\"https:\/\/businesscenters.cat\/es\/#organization\"},\"potentialAction\":[{\"@type\":\"SearchAction\",\"target\":{\"@type\":\"EntryPoint\",\"urlTemplate\":\"https:\/\/businesscenters.cat\/es\/?s={search_term_string}\"},\"query-input\":{\"@type\":\"PropertyValueSpecification\",\"valueRequired\":true,\"valueName\":\"search_term_string\"}}],\"inLanguage\":\"es\"},{\"@type\":\"Organization\",\"@id\":\"https:\/\/businesscenters.cat\/es\/#organization\",\"name\":\"Business Centers Barcelona\",\"url\":\"https:\/\/businesscenters.cat\/es\/\",\"logo\":{\"@type\":\"ImageObject\",\"inLanguage\":\"es\",\"@id\":\"https:\/\/businesscenters.cat\/es\/#\/schema\/logo\/image\/\",\"url\":\"https:\/\/businesscenters.cat\/wp-content\/uploads\/2018\/09\/business-logo-w.png\",\"contentUrl\":\"https:\/\/businesscenters.cat\/wp-content\/uploads\/2018\/09\/business-logo-w.png\",\"width\":250,\"height\":105,\"caption\":\"Business Centers Barcelona\"},\"image\":{\"@id\":\"https:\/\/businesscenters.cat\/es\/#\/schema\/logo\/image\/\"}},{\"@type\":\"Person\",\"@id\":\"https:\/\/businesscenters.cat\/es\/#\/schema\/person\/603ecda97c8f0947e116a2b7f86eaa66\",\"name\":\"Amaya Morlans\",\"image\":{\"@type\":\"ImageObject\",\"inLanguage\":\"es\",\"@id\":\"https:\/\/businesscenters.cat\/es\/#\/schema\/person\/image\/\",\"url\":\"https:\/\/secure.gravatar.com\/avatar\/5a787c54ec35f07dae49a7353e043d58?s=96&d=mm&r=g\",\"contentUrl\":\"https:\/\/secure.gravatar.com\/avatar\/5a787c54ec35f07dae49a7353e043d58?s=96&d=mm&r=g\",\"caption\":\"Amaya Morlans\"},\"url\":\"https:\/\/businesscenters.cat\/es\/blog\/author\/amaya-memorandum\/\"}]}<\/script>\n<!-- \/ Yoast SEO plugin. -->","yoast_head_json":{"title":"Qu\u00e9 criterios tener en cuenta al reservar una sala de reuniones","description":"Descubre los criterios clave al reservar una sala de reuniones: ubicaci\u00f3n, equipamiento, privacidad y m\u00e1s para garantizar el \u00e9xito de tu encuentro profesional.","robots":{"index":"index","follow":"follow","max-snippet":"max-snippet:-1","max-image-preview":"max-image-preview:large","max-video-preview":"max-video-preview:-1"},"canonical":"https:\/\/businesscenters.cat\/es\/blog\/que-criterios-tener-en-cuenta-al-reservar-una-sala-de-reuniones\/","og_locale":"es_ES","og_type":"article","og_title":"Qu\u00e9 criterios tener en cuenta al reservar una sala de reuniones","og_description":"Descubre los criterios clave al reservar una sala de reuniones: ubicaci\u00f3n, equipamiento, privacidad y m\u00e1s para garantizar el \u00e9xito de tu encuentro profesional.","og_url":"https:\/\/businesscenters.cat\/es\/blog\/que-criterios-tener-en-cuenta-al-reservar-una-sala-de-reuniones\/","og_site_name":"Business Centers Barcelona","article_published_time":"2026-02-12T09:30:43+00:00","article_modified_time":"2026-02-19T15:06:43+00:00","og_image":[{"width":1140,"height":642,"url":"https:\/\/businesscenters.cat\/wp-content\/uploads\/2026\/02\/Que-criterios-tener-en-cuenta-al-reservar-una-sala-de-reuniones.png","type":"image\/png"}],"author":"Amaya Morlans","twitter_card":"summary_large_image","twitter_misc":{"Escrito por":"Amaya Morlans","Tiempo de lectura":"3 minutos"},"schema":{"@context":"https:\/\/schema.org","@graph":[{"@type":"Article","@id":"https:\/\/businesscenters.cat\/es\/blog\/que-criterios-tener-en-cuenta-al-reservar-una-sala-de-reuniones\/#article","isPartOf":{"@id":"https:\/\/businesscenters.cat\/es\/blog\/que-criterios-tener-en-cuenta-al-reservar-una-sala-de-reuniones\/"},"author":{"name":"Amaya Morlans","@id":"https:\/\/businesscenters.cat\/es\/#\/schema\/person\/603ecda97c8f0947e116a2b7f86eaa66"},"headline":"Qu\u00e9 criterios tener en cuenta al reservar una sala de reuniones","datePublished":"2026-02-12T09:30:43+00:00","dateModified":"2026-02-19T15:06:43+00:00","mainEntityOfPage":{"@id":"https:\/\/businesscenters.cat\/es\/blog\/que-criterios-tener-en-cuenta-al-reservar-una-sala-de-reuniones\/"},"wordCount":558,"commentCount":0,"publisher":{"@id":"https:\/\/businesscenters.cat\/es\/#organization"},"image":{"@id":"https:\/\/businesscenters.cat\/es\/blog\/que-criterios-tener-en-cuenta-al-reservar-una-sala-de-reuniones\/#primaryimage"},"thumbnailUrl":"https:\/\/businesscenters.cat\/wp-content\/uploads\/2026\/02\/Que-criterios-tener-en-cuenta-al-reservar-una-sala-de-reuniones.png","keywords":["oficina virtual","oficina virtual barcelona","paseo de gracia","paseo de gracia Barcelona","sala reuniones barcelona","teletrabajo","trabajar en barcelona","trabajo covid","videoconferencias"],"articleSection":["Sin categorizar"],"inLanguage":"es","potentialAction":[{"@type":"CommentAction","name":"Comment","target":["https:\/\/businesscenters.cat\/es\/blog\/que-criterios-tener-en-cuenta-al-reservar-una-sala-de-reuniones\/#respond"]}]},{"@type":"WebPage","@id":"https:\/\/businesscenters.cat\/es\/blog\/que-criterios-tener-en-cuenta-al-reservar-una-sala-de-reuniones\/","url":"https:\/\/businesscenters.cat\/es\/blog\/que-criterios-tener-en-cuenta-al-reservar-una-sala-de-reuniones\/","name":"Qu\u00e9 criterios tener en cuenta al reservar una sala de reuniones","isPartOf":{"@id":"https:\/\/businesscenters.cat\/es\/#website"},"primaryImageOfPage":{"@id":"https:\/\/businesscenters.cat\/es\/blog\/que-criterios-tener-en-cuenta-al-reservar-una-sala-de-reuniones\/#primaryimage"},"image":{"@id":"https:\/\/businesscenters.cat\/es\/blog\/que-criterios-tener-en-cuenta-al-reservar-una-sala-de-reuniones\/#primaryimage"},"thumbnailUrl":"https:\/\/businesscenters.cat\/wp-content\/uploads\/2026\/02\/Que-criterios-tener-en-cuenta-al-reservar-una-sala-de-reuniones.png","datePublished":"2026-02-12T09:30:43+00:00","dateModified":"2026-02-19T15:06:43+00:00","description":"Descubre los criterios clave al reservar una sala de reuniones: ubicaci\u00f3n, equipamiento, privacidad y m\u00e1s para garantizar el \u00e9xito de tu encuentro profesional.","breadcrumb":{"@id":"https:\/\/businesscenters.cat\/es\/blog\/que-criterios-tener-en-cuenta-al-reservar-una-sala-de-reuniones\/#breadcrumb"},"inLanguage":"es","potentialAction":[{"@type":"ReadAction","target":["https:\/\/businesscenters.cat\/es\/blog\/que-criterios-tener-en-cuenta-al-reservar-una-sala-de-reuniones\/"]}]},{"@type":"ImageObject","inLanguage":"es","@id":"https:\/\/businesscenters.cat\/es\/blog\/que-criterios-tener-en-cuenta-al-reservar-una-sala-de-reuniones\/#primaryimage","url":"https:\/\/businesscenters.cat\/wp-content\/uploads\/2026\/02\/Que-criterios-tener-en-cuenta-al-reservar-una-sala-de-reuniones.png","contentUrl":"https:\/\/businesscenters.cat\/wp-content\/uploads\/2026\/02\/Que-criterios-tener-en-cuenta-al-reservar-una-sala-de-reuniones.png","width":1140,"height":642,"caption":"Qu\u00e9 criterios tener en cuenta al reservar una sala de reuniones"},{"@type":"BreadcrumbList","@id":"https:\/\/businesscenters.cat\/es\/blog\/que-criterios-tener-en-cuenta-al-reservar-una-sala-de-reuniones\/#breadcrumb","itemListElement":[{"@type":"ListItem","position":1,"name":"Portada","item":"https:\/\/businesscenters.cat\/es\/"},{"@type":"ListItem","position":2,"name":"Qu\u00e9 criterios tener en cuenta al reservar una sala de reuniones"}]},{"@type":"WebSite","@id":"https:\/\/businesscenters.cat\/es\/#website","url":"https:\/\/businesscenters.cat\/es\/","name":"Business Centers Barcelona","description":"Alquiler de oficinas, despachos y coworking en el centro de Barcelona","publisher":{"@id":"https:\/\/businesscenters.cat\/es\/#organization"},"potentialAction":[{"@type":"SearchAction","target":{"@type":"EntryPoint","urlTemplate":"https:\/\/businesscenters.cat\/es\/?s={search_term_string}"},"query-input":{"@type":"PropertyValueSpecification","valueRequired":true,"valueName":"search_term_string"}}],"inLanguage":"es"},{"@type":"Organization","@id":"https:\/\/businesscenters.cat\/es\/#organization","name":"Business Centers Barcelona","url":"https:\/\/businesscenters.cat\/es\/","logo":{"@type":"ImageObject","inLanguage":"es","@id":"https:\/\/businesscenters.cat\/es\/#\/schema\/logo\/image\/","url":"https:\/\/businesscenters.cat\/wp-content\/uploads\/2018\/09\/business-logo-w.png","contentUrl":"https:\/\/businesscenters.cat\/wp-content\/uploads\/2018\/09\/business-logo-w.png","width":250,"height":105,"caption":"Business Centers Barcelona"},"image":{"@id":"https:\/\/businesscenters.cat\/es\/#\/schema\/logo\/image\/"}},{"@type":"Person","@id":"https:\/\/businesscenters.cat\/es\/#\/schema\/person\/603ecda97c8f0947e116a2b7f86eaa66","name":"Amaya Morlans","image":{"@type":"ImageObject","inLanguage":"es","@id":"https:\/\/businesscenters.cat\/es\/#\/schema\/person\/image\/","url":"https:\/\/secure.gravatar.com\/avatar\/5a787c54ec35f07dae49a7353e043d58?s=96&d=mm&r=g","contentUrl":"https:\/\/secure.gravatar.com\/avatar\/5a787c54ec35f07dae49a7353e043d58?s=96&d=mm&r=g","caption":"Amaya Morlans"},"url":"https:\/\/businesscenters.cat\/es\/blog\/author\/amaya-memorandum\/"}]}},"_links":{"self":[{"href":"https:\/\/businesscenters.cat\/es\/wp-json\/wp\/v2\/posts\/8989","targetHints":{"allow":["GET"]}}],"collection":[{"href":"https:\/\/businesscenters.cat\/es\/wp-json\/wp\/v2\/posts"}],"about":[{"href":"https:\/\/businesscenters.cat\/es\/wp-json\/wp\/v2\/types\/post"}],"author":[{"embeddable":true,"href":"https:\/\/businesscenters.cat\/es\/wp-json\/wp\/v2\/users\/9"}],"replies":[{"embeddable":true,"href":"https:\/\/businesscenters.cat\/es\/wp-json\/wp\/v2\/comments?post=8989"}],"version-history":[{"count":0,"href":"https:\/\/businesscenters.cat\/es\/wp-json\/wp\/v2\/posts\/8989\/revisions"}],"wp:featuredmedia":[{"embeddable":true,"href":"https:\/\/businesscenters.cat\/es\/wp-json\/wp\/v2\/media\/8990"}],"wp:attachment":[{"href":"https:\/\/businesscenters.cat\/es\/wp-json\/wp\/v2\/media?parent=8989"}],"wp:term":[{"taxonomy":"category","embeddable":true,"href":"https:\/\/businesscenters.cat\/es\/wp-json\/wp\/v2\/categories?post=8989"},{"taxonomy":"post_tag","embeddable":true,"href":"https:\/\/businesscenters.cat\/es\/wp-json\/wp\/v2\/tags?post=8989"}],"curies":[{"name":"wp","href":"https:\/\/api.w.org\/{rel}","templated":true}]}}